{"id":44094,"date":"2025-07-23T20:15:58","date_gmt":"2025-07-23T17:15:58","guid":{"rendered":"https:\/\/www.egemtv.com\/?p=44094"},"modified":"2025-07-23T20:15:59","modified_gmt":"2025-07-23T17:15:59","slug":"didimde-sicakliklar-artti-altinkum-doldu-tasti","status":"publish","type":"post","link":"https:\/\/www.egemtv.com\/?p=44094","title":{"rendered":"Didim\u2019de s\u0131cakl\u0131klar artt\u0131, Alt\u0131nkum doldu ta\u015ft\u0131"},"content":{"rendered":"<p>Ayd\u0131n\u2019\u0131n Didim il\u00e7esinde Temmuz ay\u0131nda s\u0131cakl\u0131klar\u0131 nemle birlikte 40 dereceyi a\u015farken, s\u0131cak havadan bunalanlar kendilerini Ege\u2019nin serin sular\u0131na b\u0131rakt\u0131. Alt\u0131nkum plaj\u0131 t\u0131kl\u0131m t\u0131kl\u0131m dolarken, sahil kesimleri ise serinlemek isteyen tatilcilerle doldu ta\u015ft\u0131.<\/p>\n<p>Didim\u2019de hava s\u0131cakl\u0131klar\u0131 mevsim normallerinin \u00fczerinde seyrediyor. \u0130l\u00e7ede hava s\u0131cakl\u0131klar\u0131 nemle birlikte 40 dereceyi a\u015farken, s\u0131cak hava g\u00fcnl\u00fck hayat\u0131 da olumsuz etkiliyor. Meteoroloji \u0130\u015fleri Genel M\u00fcd\u00fcrl\u00fc\u011f\u00fc \u00f6n\u00fcm\u00fczdeki 3 g\u00fcnde s\u0131cakl\u0131klar\u0131n daha da artaca\u011f\u0131 uyar\u0131s\u0131nda bulunurken, Didim\u2019de ise s\u0131caktan bunalan yerli ve yabanc\u0131 turistler solu\u011fu sahil kesiminde al\u0131yor.<\/p>\n<p>Alt\u0131nkum plaj\u0131 ise eski g\u00fcnlerine d\u00f6nerken, sahilde ad\u0131m atacak yer kalmad\u0131. Ba\u015fta Alt\u0131nkum plaj\u0131 olmak \u00fczere 1. ve 3.koy halk plajlar\u0131, Oteller \u00f6n\u00fc, Ye\u015filkent, Sahte cennet, Akvaryum, Sa\u011f-tur, Denizli \u00f6\u011fretmenler plaj\u0131 ve Uslu plaj\u0131 ise s\u0131caktan bunalanlar\u0131n tercih etti\u011fi koylar aras\u0131nda yerini ald\u0131. S\u0131cak havada sadece tatilcileri de\u011fil, sokak hayvanlar\u0131n\u0131 da bunaltt\u0131\u011f\u0131 g\u00f6r\u00fcl\u00fcrken, s\u0131caktan ka\u00e7an patili dostlar denize girerek serinlemeye \u00e7al\u0131\u015ft\u0131klar\u0131 g\u00f6r\u00fcld\u00fc.<br \/><\/p>\n","protected":false},"excerpt":{"rendered":"<p>Ayd\u0131n\u2019\u0131n Didim il\u00e7esinde Temmuz ay\u0131nda s\u0131cakl\u0131klar\u0131 nemle birlikte 40 dereceyi a\u015farken, s\u0131cak havadan bunalanlar kendilerini Ege\u2019nin serin sular\u0131na b\u0131rakt\u0131. Alt\u0131nkum plaj\u0131 t\u0131kl\u0131m t\u0131kl\u0131m dolarken, sahil kesimleri ise serinlemek isteyen tatilcilerle doldu ta\u015ft\u0131. Didim\u2019de hava s\u0131cakl\u0131klar\u0131 mevsim normallerinin \u00fczerinde seyrediyor. \u0130l\u00e7ede hava s\u0131cakl\u0131klar\u0131 nemle birlikte 40 dereceyi a\u015farken, s\u0131cak hava g\u00fcnl\u00fck hayat\u0131 da olumsuz etkiliyor. Meteoroloji&#8230;<\/p>\n","protected":false},"author":1,"featured_media":44095,"comment_status":"open","ping_status":"open","sticky":false,"template":"","format":"standard","meta":{"_crdt_document":"","footnotes":""},"categories":[1],"tags":[],"class_list":["post-44094","post","type-post","status-publish","format-standard","has-post-thumbnail","hentry","category-guncel"],"_links":{"self":[{"href":"https:\/\/www.egemtv.com\/index.php?rest_route=\/wp\/v2\/posts\/44094","targetHints":{"allow":["GET"]}}],"collection":[{"href":"https:\/\/www.egemtv.com\/index.php?rest_route=\/wp\/v2\/posts"}],"about":[{"href":"https:\/\/www.egemtv.com\/index.php?rest_route=\/wp\/v2\/types\/post"}],"author":[{"embeddable":true,"href":"https:\/\/www.egemtv.com\/index.php?rest_route=\/wp\/v2\/users\/1"}],"replies":[{"embeddable":true,"href":"https:\/\/www.egemtv.com\/index.php?rest_route=%2Fwp%2Fv2%2Fcomments&post=44094"}],"version-history":[{"count":1,"href":"https:\/\/www.egemtv.com\/index.php?rest_route=\/wp\/v2\/posts\/44094\/revisions"}],"predecessor-version":[{"id":44096,"href":"https:\/\/www.egemtv.com\/index.php?rest_route=\/wp\/v2\/posts\/44094\/revisions\/44096"}],"wp:featuredmedia":[{"embeddable":true,"href":"https:\/\/www.egemtv.com\/index.php?rest_route=\/wp\/v2\/media\/44095"}],"wp:attachment":[{"href":"https:\/\/www.egemtv.com\/index.php?rest_route=%2Fwp%2Fv2%2Fmedia&parent=44094"}],"wp:term":[{"taxonomy":"category","embeddable":true,"href":"https:\/\/www.egemtv.com\/index.php?rest_route=%2Fwp%2Fv2%2Fcategories&post=44094"},{"taxonomy":"post_tag","embeddable":true,"href":"https:\/\/www.egemtv.com\/index.php?rest_route=%2Fwp%2Fv2%2Ftags&post=44094"}],"curies":[{"name":"wp","href":"https:\/\/api.w.org\/{rel}","templated":true}]}}