{"id":44091,"date":"2025-07-23T19:56:36","date_gmt":"2025-07-23T16:56:36","guid":{"rendered":"https:\/\/www.egemtv.com\/?p=44091"},"modified":"2025-07-23T19:56:37","modified_gmt":"2025-07-23T16:56:37","slug":"kulada-motosiklet-suruculerine-ucretsiz-kask-dagitildi","status":"publish","type":"post","link":"https:\/\/www.egemtv.com\/?p=44091","title":{"rendered":"Kula\u2019da motosiklet s\u00fcr\u00fcc\u00fclerine \u00fccretsiz kask da\u011f\u0131t\u0131ld\u0131"},"content":{"rendered":"<p>Manisa\u2019n\u0131n Kula il\u00e7esinde artan motosiklet kazalar\u0131na kar\u015f\u0131 fark\u0131ndal\u0131k olu\u015fturmak amac\u0131yla \u0130l\u00e7e Emniyet M\u00fcd\u00fcrl\u00fc\u011f\u00fc koordinesinde motosiklet s\u00fcr\u00fcc\u00fclerine \u00fccretsiz kask da\u011f\u0131t\u0131ld\u0131.<br \/>\n<br \/>Etkinlik, Kula Kaymakam\u0131 Talha Altunta\u015f, \u0130l\u00e7e Emniyet M\u00fcd\u00fcr\u00fc Secaattin Aktay ve \u00e7ok say\u0131da vatanda\u015f\u0131n kat\u0131l\u0131m\u0131yla yap\u0131ld\u0131. Sivil toplum kurulu\u015flar\u0131n\u0131n deste\u011fiyle temin edilen kasklar vatanda\u015flara hediye edilirken, emniyet g\u00fc\u00e7leri taraf\u0131ndan g\u00fcvenli s\u00fcr\u00fc\u015f kurallar\u0131 hakk\u0131nda bilgilendirme de yap\u0131ld\u0131.<br \/>\n<br \/>\u0130l\u00e7e Emniyet M\u00fcd\u00fcr\u00fc Secaattin Aktay, baret tipi kasklar\u0131n yetersizli\u011fine dikkat \u00e7ekerek, &#8220;Sizlerin sa\u011fl\u0131\u011f\u0131 i\u00e7in standartlara uygun, tam korumal\u0131 kasklar\u0131 \u00f6neriyoruz. Bu kasklar olas\u0131 kazalarda ciddi yaralanmalar\u0131 \u00f6nlemeye yard\u0131mc\u0131 oluyor. Ayr\u0131ca, ya\u015f\u0131 k\u00fc\u00e7\u00fck \u00e7ocuklara kesinlikle motosiklet ya da elektrikli bisiklet kulland\u0131rmamal\u0131y\u0131z. Kald\u0131r\u0131mlarda kullan\u0131lan motosikletler konusunda da duyarl\u0131 olunmas\u0131n\u0131 bekliyoruz&#8221; ifadelerini kulland\u0131.<\/p>\n<p>&#8220;Ceza yazmak de\u011fil, can\u0131n\u0131z\u0131 korumak istiyoruz&#8221;<br \/>\n<br \/>Programda konu\u015fan Kula Kaymakam\u0131 Talha Altunta\u015f, motosiklet kullan\u0131c\u0131lar\u0131n\u0131n g\u00fcvenli\u011fi i\u00e7in standartlara uygun kask kullan\u0131m\u0131n\u0131n hayati \u00f6nem ta\u015f\u0131d\u0131\u011f\u0131n\u0131 vurgulad\u0131. Altunta\u015f, &#8220;Baret tipi kasklar\u0131n hi\u00e7biri sizi kurtarmaz. Emniyet M\u00fcd\u00fcr\u00fcm\u00fczle birlikte yapt\u0131\u011f\u0131m\u0131z bu uygulamada, sizleri korumak amac\u0131yla kask hediye etmek istedik. Sizden ricam\u0131z, l\u00fctfen kasks\u0131z motosiklet kullanmay\u0131n. Ayn\u0131 \u015fekilde, kald\u0131r\u0131mdan motosiklet s\u00fcren ya da kasks\u0131z dola\u015fanlar\u0131 da uyarman\u0131z\u0131 istiyoruz. Devlet olarak ceza yazmak \u00f6nceli\u011fimiz de\u011fil ama sizin sa\u011fl\u0131\u011f\u0131n\u0131zdan sorumluyuz. Ba\u015f\u0131n\u0131za bir \u015fey gelmesin diye \u00e7aba g\u00f6steriyoruz&#8221; dedi.<br \/>\n<br \/>\u0130l\u00e7e Emniyet M\u00fcd\u00fcrl\u00fc\u011f\u00fc Trafik B\u00fcro Amirli\u011fi\u2019nden yap\u0131lan resmi a\u00e7\u0131klamada ise, ehliyetsiz, plakas\u0131z, egzozu a\u00e7\u0131k ve kasks\u0131z motosiklet kullan\u0131m\u0131nda art\u0131\u015f ya\u015fand\u0131\u011f\u0131 ve bu durumun kazalar\u0131 beraberinde getirdi\u011fi belirtilerek, \u00f6zellikle kald\u0131r\u0131mlarda ve yaya yollar\u0131nda motosiklet ve elektrikli bisiklet kullan\u0131m\u0131n\u0131n kesinlikle yasak oldu\u011fu vurguland\u0131. Kurallara uymayanlara cezai i\u015flem uygulanaca\u011f\u0131 hat\u0131rlat\u0131ld\u0131. Yetkililer, denetimlerin aral\u0131ks\u0131z s\u00fcrece\u011fini ve benzer bilin\u00e7lendirme \u00e7al\u0131\u015fmalar\u0131n\u0131n \u00f6n\u00fcm\u00fczdeki d\u00f6nemde de devam edece\u011fini bildirdi.<br \/><\/p>\n","protected":false},"excerpt":{"rendered":"<p>Manisa\u2019n\u0131n Kula il\u00e7esinde artan motosiklet kazalar\u0131na kar\u015f\u0131 fark\u0131ndal\u0131k olu\u015fturmak amac\u0131yla \u0130l\u00e7e Emniyet M\u00fcd\u00fcrl\u00fc\u011f\u00fc koordinesinde motosiklet s\u00fcr\u00fcc\u00fclerine \u00fccretsiz kask da\u011f\u0131t\u0131ld\u0131. Etkinlik, Kula Kaymakam\u0131 Talha Altunta\u015f, \u0130l\u00e7e Emniyet M\u00fcd\u00fcr\u00fc Secaattin Aktay ve \u00e7ok say\u0131da vatanda\u015f\u0131n kat\u0131l\u0131m\u0131yla yap\u0131ld\u0131. Sivil toplum kurulu\u015flar\u0131n\u0131n deste\u011fiyle temin edilen kasklar vatanda\u015flara hediye edilirken, emniyet g\u00fc\u00e7leri taraf\u0131ndan g\u00fcvenli s\u00fcr\u00fc\u015f kurallar\u0131 hakk\u0131nda bilgilendirme de yap\u0131ld\u0131&#8230;.<\/p>\n","protected":false},"author":1,"featured_media":44092,"comment_status":"open","ping_status":"open","sticky":false,"template":"","format":"standard","meta":{"_crdt_document":"","footnotes":""},"categories":[1],"tags":[],"class_list":["post-44091","post","type-post","status-publish","format-standard","has-post-thumbnail","hentry","category-guncel"],"_links":{"self":[{"href":"https:\/\/www.egemtv.com\/index.php?rest_route=\/wp\/v2\/posts\/44091","targetHints":{"allow":["GET"]}}],"collection":[{"href":"https:\/\/www.egemtv.com\/index.php?rest_route=\/wp\/v2\/posts"}],"about":[{"href":"https:\/\/www.egemtv.com\/index.php?rest_route=\/wp\/v2\/types\/post"}],"author":[{"embeddable":true,"href":"https:\/\/www.egemtv.com\/index.php?rest_route=\/wp\/v2\/users\/1"}],"replies":[{"embeddable":true,"href":"https:\/\/www.egemtv.com\/index.php?rest_route=%2Fwp%2Fv2%2Fcomments&post=44091"}],"version-history":[{"count":1,"href":"https:\/\/www.egemtv.com\/index.php?rest_route=\/wp\/v2\/posts\/44091\/revisions"}],"predecessor-version":[{"id":44093,"href":"https:\/\/www.egemtv.com\/index.php?rest_route=\/wp\/v2\/posts\/44091\/revisions\/44093"}],"wp:featuredmedia":[{"embeddable":true,"href":"https:\/\/www.egemtv.com\/index.php?rest_route=\/wp\/v2\/media\/44092"}],"wp:attachment":[{"href":"https:\/\/www.egemtv.com\/index.php?rest_route=%2Fwp%2Fv2%2Fmedia&parent=44091"}],"wp:term":[{"taxonomy":"category","embeddable":true,"href":"https:\/\/www.egemtv.com\/index.php?rest_route=%2Fwp%2Fv2%2Fcategories&post=44091"},{"taxonomy":"post_tag","embeddable":true,"href":"https:\/\/www.egemtv.com\/index.php?rest_route=%2Fwp%2Fv2%2Ftags&post=44091"}],"curies":[{"name":"wp","href":"https:\/\/api.w.org\/{rel}","templated":true}]}}