{"id":44088,"date":"2025-07-23T19:56:35","date_gmt":"2025-07-23T16:56:35","guid":{"rendered":"https:\/\/www.egemtv.com\/?p=44088"},"modified":"2025-07-23T19:56:36","modified_gmt":"2025-07-23T16:56:36","slug":"aydinlatma-yenileme-calismalari-devam-ediyor","status":"publish","type":"post","link":"https:\/\/www.egemtv.com\/?p=44088","title":{"rendered":"Ayd\u0131nlatma yenileme \u00e7al\u0131\u015fmalar\u0131 devam ediyor"},"content":{"rendered":"<p>Bodrum Belediyesi, kullan\u0131m \u00f6mr\u00fc tamamlanm\u0131\u015f sokak lambalar\u0131n\u0131 yenilemeye devam ediyor.<\/p>\n<p>Bodrum Belediyesi Destek Hizmetleri M\u00fcd\u00fcrl\u00fc\u011f\u00fc\u2019ne ba\u011fl\u0131 faaliyet g\u00f6steren Elektrik \u0130\u015fleri Birimi, kullan\u0131m \u00f6mr\u00fcn\u00fc tamamlam\u0131\u015f ayd\u0131nlatmalar\u0131 de\u011fi\u015ftiriyor. Belediye ekipleri, kent genelinde ger\u00e7ekle\u015ftirdi\u011fi \u00e7al\u0131\u015fmalar kapsam\u0131nda G\u00fcvercinlik Mahallesi \u0130lk Ad\u0131m Caddesi, Cumhuriyet Meydan\u0131 ve 1. Sahil Yolu Caddesi boyunca sahil \u015feridine 60, G\u00fcndo\u011fan sahil \u015feridine 20, Bah\u00e7elievler Mahallesi \u015eevket Sabanc\u0131 Caddesi ve Belediye Caddesi\u2019ne 22, Turgutreis \u00c7ar\u015f\u0131 mevkiine 12, G\u00fcmbet Mahallesi Ethem Kaptan Sokak ve Adnan Menderes Caddesi\u2019ne 10, Yoku\u015fba\u015f\u0131 Mahallesi Filiz \u00e7\u0131kmaz\u0131na 17, Yenik\u00f6y Mahallesi Karakaya, 1609, 1614 ve 1601 sokaklar\u0131na 16, K\u00fc\u00e7\u00fckb\u00fck Mahallesi sahil \u015feridine 3, Mumcular Mahallesi \u0130stasyon Caddesi\u2019ndeki \u00e7ocuk park\u0131na ise 2 yeni ayd\u0131nlatma dire\u011fi yerle\u015ftirdi. Ayr\u0131ca, ayd\u0131nlatma sisteminde yeni nesil LED lambalara ge\u00e7ilirken \u00c7iftlik Mahallesi\u2019nde yap\u0131m\u0131nda sona yakla\u015f\u0131lan hal\u0131 saha \u00e7evresine de 10 adet projekt\u00f6r tak\u0131ld\u0131.<\/p>\n<p>6 metre s\u0131cak dald\u0131rma galvaniz kaplama, tuza dayan\u0131kl\u0131 ve TEDA\u015e onayl\u0131 galvaniz direklere; genel olarak 100 watt g\u00fcc\u00fcnde, 13 bin 900 l\u00fcmen \u0131\u015f\u0131k \u015fiddetinde, 4 bin kelvin \u0131\u015f\u0131k s\u0131cakl\u0131\u011f\u0131nda, 80 derece s\u0131cakl\u0131\u011fa dayan\u0131kl\u0131, tuz korumal\u0131, 50 bin saat \u00e7al\u0131\u015fma garantili buhar bentilli LED ayd\u0131nlatma armat\u00fcr\u00fc tak\u0131ld\u0131. Bu armat\u00fcrler, b\u00f6lgedeki ayd\u0131nlatma ihtiyac\u0131na g\u00f6re farkl\u0131 \u00f6zellikler ta\u015f\u0131yabiliyor.<br \/>\n<br \/>Bodrum Belediyesi Destek Hizmetleri M\u00fcd\u00fcrl\u00fc\u011f\u00fc, belirlenen plan do\u011frultusunda \u00e7al\u0131\u015fmalar\u0131n\u0131 s\u00fcrd\u00fcrecek.<br \/><\/p>\n","protected":false},"excerpt":{"rendered":"<p>Bodrum Belediyesi, kullan\u0131m \u00f6mr\u00fc tamamlanm\u0131\u015f sokak lambalar\u0131n\u0131 yenilemeye devam ediyor. Bodrum Belediyesi Destek Hizmetleri M\u00fcd\u00fcrl\u00fc\u011f\u00fc\u2019ne ba\u011fl\u0131 faaliyet g\u00f6steren Elektrik \u0130\u015fleri Birimi, kullan\u0131m \u00f6mr\u00fcn\u00fc tamamlam\u0131\u015f ayd\u0131nlatmalar\u0131 de\u011fi\u015ftiriyor. Belediye ekipleri, kent genelinde ger\u00e7ekle\u015ftirdi\u011fi \u00e7al\u0131\u015fmalar kapsam\u0131nda G\u00fcvercinlik Mahallesi \u0130lk Ad\u0131m Caddesi, Cumhuriyet Meydan\u0131 ve 1. Sahil Yolu Caddesi boyunca sahil \u015feridine 60, G\u00fcndo\u011fan sahil \u015feridine 20, Bah\u00e7elievler Mahallesi&#8230;<\/p>\n","protected":false},"author":1,"featured_media":44089,"comment_status":"open","ping_status":"open","sticky":false,"template":"","format":"standard","meta":{"_crdt_document":"","footnotes":""},"categories":[1],"tags":[],"class_list":["post-44088","post","type-post","status-publish","format-standard","has-post-thumbnail","hentry","category-guncel"],"_links":{"self":[{"href":"https:\/\/www.egemtv.com\/index.php?rest_route=\/wp\/v2\/posts\/44088","targetHints":{"allow":["GET"]}}],"collection":[{"href":"https:\/\/www.egemtv.com\/index.php?rest_route=\/wp\/v2\/posts"}],"about":[{"href":"https:\/\/www.egemtv.com\/index.php?rest_route=\/wp\/v2\/types\/post"}],"author":[{"embeddable":true,"href":"https:\/\/www.egemtv.com\/index.php?rest_route=\/wp\/v2\/users\/1"}],"replies":[{"embeddable":true,"href":"https:\/\/www.egemtv.com\/index.php?rest_route=%2Fwp%2Fv2%2Fcomments&post=44088"}],"version-history":[{"count":1,"href":"https:\/\/www.egemtv.com\/index.php?rest_route=\/wp\/v2\/posts\/44088\/revisions"}],"predecessor-version":[{"id":44090,"href":"https:\/\/www.egemtv.com\/index.php?rest_route=\/wp\/v2\/posts\/44088\/revisions\/44090"}],"wp:featuredmedia":[{"embeddable":true,"href":"https:\/\/www.egemtv.com\/index.php?rest_route=\/wp\/v2\/media\/44089"}],"wp:attachment":[{"href":"https:\/\/www.egemtv.com\/index.php?rest_route=%2Fwp%2Fv2%2Fmedia&parent=44088"}],"wp:term":[{"taxonomy":"category","embeddable":true,"href":"https:\/\/www.egemtv.com\/index.php?rest_route=%2Fwp%2Fv2%2Fcategories&post=44088"},{"taxonomy":"post_tag","embeddable":true,"href":"https:\/\/www.egemtv.com\/index.php?rest_route=%2Fwp%2Fv2%2Ftags&post=44088"}],"curies":[{"name":"wp","href":"https:\/\/api.w.org\/{rel}","templated":true}]}}