{"id":44085,"date":"2025-07-23T19:56:35","date_gmt":"2025-07-23T16:56:35","guid":{"rendered":"https:\/\/www.egemtv.com\/?p=44085"},"modified":"2025-07-23T19:56:35","modified_gmt":"2025-07-23T16:56:35","slug":"esini-olduren-sanik-24-yil-hapse-carptirildi","status":"publish","type":"post","link":"https:\/\/www.egemtv.com\/?p=44085","title":{"rendered":"E\u015fini \u00f6ld\u00fcren san\u0131k 24 y\u0131l hapse \u00e7arpt\u0131r\u0131ld\u0131"},"content":{"rendered":"<p>Mu\u011fla\u2019n\u0131n Ortaca \u0130l\u00e7esi\u2019nde kendisini aldatt\u0131\u011f\u0131 iddias\u0131yla bo\u015fanma a\u015famas\u0131nda oldu\u011fu ve ayr\u0131 ya\u015fad\u0131\u011f\u0131 4 \u00e7ocuk annesi e\u015fine sokak ortas\u0131nda kur\u015fun ya\u011fd\u0131r\u0131p, \u00f6lmesini bekleyen oto tamircisi tutuklu san\u0131k Vedat G\u00fclm\u00fc\u015f (39), Fethiye 3. A\u011f\u0131r Ceza Mahkemesi\u2019nde 4\u2019\u00fcnc\u00fc duru\u015fmada 24 y\u0131l hapis cezas\u0131na \u00e7arpt\u0131r\u0131ld\u0131.<\/p>\n<p>Fethiye 3. A\u011f\u0131r Ceza Mahkemesi\u2019ndeki duru\u015fmaya tutuklu san\u0131k Vedat G\u00fclm\u00fc\u015f ile taraf avukatlar\u0131 kat\u0131ld\u0131. Duru\u015fmada son s\u00f6z\u00fc sorulan tutuklu san\u0131k, &#8220;S\u00f6yleyecek hi\u00e7bir \u015feyim yok&#8221; dedi. Verilen aran\u0131n ard\u0131ndan mahkeme heyeti, san\u0131k Vedat G\u00fclm\u00fc\u015f\u2019e, &#8220;e\u015fi kasten \u00f6ld\u00fcrme&#8221; su\u00e7undan a\u011f\u0131rla\u015ft\u0131r\u0131lm\u0131\u015f m\u00fcebbet hapis cezas\u0131 verdi. Heyet daha sonra, eylemin haks\u0131z tahrik etkisi alt\u0131nda i\u015flendi\u011fini belirterek san\u0131\u011f\u0131n 24 y\u0131l hapis cezas\u0131yla cezaland\u0131r\u0131lmas\u0131na h\u00fckmetti. Mahkeme heyeti ayr\u0131ca 6136 say\u0131l\u0131 yasaya ayk\u0131r\u0131 hareketten 1 y\u0131l hapis cezas\u0131na \u00e7arpt\u0131r\u0131rken, san\u0131\u011f\u0131n tutuklu\u011funun devam\u0131na karar verdi.<\/p>\n<p>Olay:<br \/>\n<br \/>Vedat G\u00fclm\u00fc\u015f, bo\u015fanma a\u015famas\u0131ndaki e\u015fi Ne\u015fe G\u00fclm\u00fc\u015f ile 28 Mart 2024\u2019te Terzialiler Mahallesi\u2019ndeki sokakta kar\u015f\u0131la\u015fm\u0131\u015f, ikili aras\u0131nda ya\u015fanan tart\u0131\u015fmas\u0131n\u0131n b\u00fcy\u00fcmesi \u00fczerine Vedat G\u00fclm\u00fc\u015f e\u015fini silahla \u00f6ld\u00fcrm\u00fc\u015ft\u00fc. Vedat G\u00fclm\u00fc\u015f elindeki silah\u0131 polisin ikna \u00e7abalar\u0131yla b\u0131rakarak g\u00f6zalt\u0131na al\u0131nm\u0131\u015ft\u0131. Tutuklanan san\u0131k hakk\u0131nda &#8220;e\u015fi kasten \u00f6ld\u00fcrme&#8221; su\u00e7undan a\u011f\u0131rla\u015ft\u0131r\u0131lm\u0131\u015f m\u00fcebbet hapis cezas\u0131 istemiyle haz\u0131rlanan iddianame mahkemece kabul edilmi\u015fti. Hakk\u0131nda haz\u0131rlanan iddianamede a\u011f\u0131rla\u015ft\u0131r\u0131lm\u0131\u015f m\u00fcebbet hapis talep edilen 39 ya\u015f\u0131ndaki tutuklu san\u0131k Vedat G\u00fclm\u00fc\u015f, \u00f6nceki duru\u015fmada aldat\u0131ld\u0131\u011f\u0131n\u0131 ileri s\u00fcrm\u00fc\u015ft\u00fc. SEGB\u0130S ile Dalaman A\u00e7\u0131k Cezaevi\u2019nden tan\u0131k olarak dinlenen B.C.E. kocas\u0131 taraf\u0131ndan \u00f6ld\u00fcr\u00fclen Ne\u015fe G\u00fclm\u00fc\u015f\u2019\u00fcn evli oldu\u011funu kendisine s\u00f6ylemedi\u011fini, birka\u00e7 defa birlikteliklerinin oldu\u011funu Vedat ile bu nedenle tart\u0131\u015ft\u0131klar\u0131n\u0131 ve adliyelik olduklar\u0131n\u0131 ileri s\u00fcrm\u00fc\u015ft\u00fc.<br \/><\/p>\n","protected":false},"excerpt":{"rendered":"<p>Mu\u011fla\u2019n\u0131n Ortaca \u0130l\u00e7esi\u2019nde kendisini aldatt\u0131\u011f\u0131 iddias\u0131yla bo\u015fanma a\u015famas\u0131nda oldu\u011fu ve ayr\u0131 ya\u015fad\u0131\u011f\u0131 4 \u00e7ocuk annesi e\u015fine sokak ortas\u0131nda kur\u015fun ya\u011fd\u0131r\u0131p, \u00f6lmesini bekleyen oto tamircisi tutuklu san\u0131k Vedat G\u00fclm\u00fc\u015f (39), Fethiye 3. A\u011f\u0131r Ceza Mahkemesi\u2019nde 4\u2019\u00fcnc\u00fc duru\u015fmada 24 y\u0131l hapis cezas\u0131na \u00e7arpt\u0131r\u0131ld\u0131. Fethiye 3. A\u011f\u0131r Ceza Mahkemesi\u2019ndeki duru\u015fmaya tutuklu san\u0131k Vedat G\u00fclm\u00fc\u015f ile taraf avukatlar\u0131 kat\u0131ld\u0131&#8230;.<\/p>\n","protected":false},"author":1,"featured_media":44086,"comment_status":"open","ping_status":"open","sticky":false,"template":"","format":"standard","meta":{"_crdt_document":"","footnotes":""},"categories":[5],"tags":[],"class_list":["post-44085","post","type-post","status-publish","format-standard","has-post-thumbnail","hentry","category-asayis"],"_links":{"self":[{"href":"https:\/\/www.egemtv.com\/index.php?rest_route=\/wp\/v2\/posts\/44085","targetHints":{"allow":["GET"]}}],"collection":[{"href":"https:\/\/www.egemtv.com\/index.php?rest_route=\/wp\/v2\/posts"}],"about":[{"href":"https:\/\/www.egemtv.com\/index.php?rest_route=\/wp\/v2\/types\/post"}],"author":[{"embeddable":true,"href":"https:\/\/www.egemtv.com\/index.php?rest_route=\/wp\/v2\/users\/1"}],"replies":[{"embeddable":true,"href":"https:\/\/www.egemtv.com\/index.php?rest_route=%2Fwp%2Fv2%2Fcomments&post=44085"}],"version-history":[{"count":1,"href":"https:\/\/www.egemtv.com\/index.php?rest_route=\/wp\/v2\/posts\/44085\/revisions"}],"predecessor-version":[{"id":44087,"href":"https:\/\/www.egemtv.com\/index.php?rest_route=\/wp\/v2\/posts\/44085\/revisions\/44087"}],"wp:featuredmedia":[{"embeddable":true,"href":"https:\/\/www.egemtv.com\/index.php?rest_route=\/wp\/v2\/media\/44086"}],"wp:attachment":[{"href":"https:\/\/www.egemtv.com\/index.php?rest_route=%2Fwp%2Fv2%2Fmedia&parent=44085"}],"wp:term":[{"taxonomy":"category","embeddable":true,"href":"https:\/\/www.egemtv.com\/index.php?rest_route=%2Fwp%2Fv2%2Fcategories&post=44085"},{"taxonomy":"post_tag","embeddable":true,"href":"https:\/\/www.egemtv.com\/index.php?rest_route=%2Fwp%2Fv2%2Ftags&post=44085"}],"curies":[{"name":"wp","href":"https:\/\/api.w.org\/{rel}","templated":true}]}}