{"id":44082,"date":"2025-07-23T19:56:34","date_gmt":"2025-07-23T16:56:34","guid":{"rendered":"https:\/\/www.egemtv.com\/?p=44082"},"modified":"2025-07-23T19:56:35","modified_gmt":"2025-07-23T16:56:35","slug":"muglada-konteynir-yangini","status":"publish","type":"post","link":"https:\/\/www.egemtv.com\/?p=44082","title":{"rendered":"Mu\u011fla\u2019da konteyn\u0131r yang\u0131n\u0131"},"content":{"rendered":"<p>Mu\u011fla\u2019n\u0131n Mente\u015fe il\u00e7esinde arazide ba\u015flay\u0131p konteyn\u0131rlara s\u0131\u00e7raya yang\u0131n itfaiye ekipleri taraf\u0131ndan s\u00f6nd\u00fcr\u00fcld\u00fc.<br \/>\n<br \/>Yang\u0131n Muslihittin Mahallesi\u2019nde meydana geldi. Edinilen bilgiye g\u00f6re, kuru otlar\u0131n tutu\u015fmas\u0131 ile arazide ba\u015flayan yang\u0131n bir \u015fahsa ait konteyn\u0131rlara s\u0131\u00e7rad\u0131. Yang\u0131n ihbar\u0131 \u00fczerine b\u00f6lgeye Mu\u011fla B\u00fcy\u00fck\u015fehir Belediyesi \u0130tfaiye ekipleri sevk edildi. \u0130tfaiye ekipleri alevlere m\u00fcdahale ederek yang\u0131n\u0131 s\u00f6nd\u00fcrd\u00fc. Yang\u0131nda depo olarak kullan\u0131lan 4 adet konteyn\u0131r zarar g\u00f6rd\u00fc.<br \/>\n<br \/>Yang\u0131nla ilgili inceleme s\u00fcr\u00fcyor.<br \/><\/p>\n","protected":false},"excerpt":{"rendered":"<p>Mu\u011fla\u2019n\u0131n Mente\u015fe il\u00e7esinde arazide ba\u015flay\u0131p konteyn\u0131rlara s\u0131\u00e7raya yang\u0131n itfaiye ekipleri taraf\u0131ndan s\u00f6nd\u00fcr\u00fcld\u00fc. Yang\u0131n Muslihittin Mahallesi\u2019nde meydana geldi. Edinilen bilgiye g\u00f6re, kuru otlar\u0131n tutu\u015fmas\u0131 ile arazide ba\u015flayan yang\u0131n bir \u015fahsa ait konteyn\u0131rlara s\u0131\u00e7rad\u0131. Yang\u0131n ihbar\u0131 \u00fczerine b\u00f6lgeye Mu\u011fla B\u00fcy\u00fck\u015fehir Belediyesi \u0130tfaiye ekipleri sevk edildi. \u0130tfaiye ekipleri alevlere m\u00fcdahale ederek yang\u0131n\u0131 s\u00f6nd\u00fcrd\u00fc. Yang\u0131nda depo olarak kullan\u0131lan 4&#8230;<\/p>\n","protected":false},"author":1,"featured_media":44083,"comment_status":"open","ping_status":"open","sticky":false,"template":"","format":"standard","meta":{"_crdt_document":"","footnotes":""},"categories":[5],"tags":[],"class_list":["post-44082","post","type-post","status-publish","format-standard","has-post-thumbnail","hentry","category-asayis"],"_links":{"self":[{"href":"https:\/\/www.egemtv.com\/index.php?rest_route=\/wp\/v2\/posts\/44082","targetHints":{"allow":["GET"]}}],"collection":[{"href":"https:\/\/www.egemtv.com\/index.php?rest_route=\/wp\/v2\/posts"}],"about":[{"href":"https:\/\/www.egemtv.com\/index.php?rest_route=\/wp\/v2\/types\/post"}],"author":[{"embeddable":true,"href":"https:\/\/www.egemtv.com\/index.php?rest_route=\/wp\/v2\/users\/1"}],"replies":[{"embeddable":true,"href":"https:\/\/www.egemtv.com\/index.php?rest_route=%2Fwp%2Fv2%2Fcomments&post=44082"}],"version-history":[{"count":1,"href":"https:\/\/www.egemtv.com\/index.php?rest_route=\/wp\/v2\/posts\/44082\/revisions"}],"predecessor-version":[{"id":44084,"href":"https:\/\/www.egemtv.com\/index.php?rest_route=\/wp\/v2\/posts\/44082\/revisions\/44084"}],"wp:featuredmedia":[{"embeddable":true,"href":"https:\/\/www.egemtv.com\/index.php?rest_route=\/wp\/v2\/media\/44083"}],"wp:attachment":[{"href":"https:\/\/www.egemtv.com\/index.php?rest_route=%2Fwp%2Fv2%2Fmedia&parent=44082"}],"wp:term":[{"taxonomy":"category","embeddable":true,"href":"https:\/\/www.egemtv.com\/index.php?rest_route=%2Fwp%2Fv2%2Fcategories&post=44082"},{"taxonomy":"post_tag","embeddable":true,"href":"https:\/\/www.egemtv.com\/index.php?rest_route=%2Fwp%2Fv2%2Ftags&post=44082"}],"curies":[{"name":"wp","href":"https:\/\/api.w.org\/{rel}","templated":true}]}}