{"id":44079,"date":"2025-07-23T17:34:43","date_gmt":"2025-07-23T14:34:43","guid":{"rendered":"https:\/\/www.egemtv.com\/?p=44079"},"modified":"2025-07-23T17:34:44","modified_gmt":"2025-07-23T14:34:44","slug":"baskan-akindan-yks-ve-msude-dereceye-giren-ogrenciye-tebrik","status":"publish","type":"post","link":"https:\/\/www.egemtv.com\/?p=44079","title":{"rendered":"Ba\u015fkan Ak\u0131n\u2019dan YKS ve MS\u00dc\u2019de dereceye giren \u00f6\u011frenciye tebrik"},"content":{"rendered":"<p>Turgutlu Belediye Ba\u015fkan\u0131 \u00c7etin Ak\u0131n, Y\u00fcksek\u00f6\u011fretim Kurumlar\u0131 (YKS) ve Milli Savunma \u00dcniversitesi Askeri \u00d6\u011frenci Aday Belirleme (MS\u00dc) s\u0131navlar\u0131nda dereceye giren Turgutlulu Elif Ela G\u00fclseren ile bir araya gelerek, ba\u015far\u0131lar\u0131ndan dolay\u0131 tebrik etti.<br \/>\n<br \/>\u0130zmir Fen Lisesi \u00f6\u011frencisi, YKS ve MS\u00dc s\u0131navlar\u0131nda elde etti\u011fi derecelerle Turgutlu\u2019ya gurur ya\u015fatan Elif Ela G\u00fclseren\u2019e bir tebrik de Turgutlu Belediye Ba\u015fkan\u0131 \u00c7etin Ak\u0131n\u2019dan geldi. MS\u00dc s\u0131nav\u0131nda s\u00f6zel, e\u015fit a\u011f\u0131rl\u0131k ve say\u0131sal puan t\u00fcrlerinde T\u00fcrkiye 1\u2019incisi, 2\u2019ncisi ve 9\u2019uncusu; YKS\u2019de ise say\u0131sal alandaki t\u00fcm sorular\u0131 do\u011fru yan\u0131tlayarak T\u00fcrkiye 22\u2019ncisi olan Elif Ela G\u00fclseren ve ailesi Ba\u015fkan \u00c7etin Ak\u0131n\u2019\u0131 ziyaret etti. Akademik hedefleri ve planlar\u0131 hakk\u0131nda g\u00f6r\u00fc\u015fen Ba\u015fkan Ak\u0131n, Turgutlu\u2019ya bu gururu ya\u015fatan Elif Ela G\u00fclseren\u2019e hediye ve \u00f6d\u00fcl de takdim etti.<br \/>\n<br \/>Turgutlu Belediye Ba\u015fkan Yard\u0131mc\u0131s\u0131 H\u00fcseyin Maliz ile K\u00fclt\u00fcr ve Sosyal \u0130\u015fler M\u00fcd\u00fcr\u00fc B\u00fclent G\u00f6kmen de Elif Ela G\u00fclseren\u2019i ve ailesini tebrik ederek ba\u015far\u0131 dileklerini payla\u015ft\u0131. YKS\u2019de T\u00fcrkiye derecesine imza atan Elif Ela G\u00fclseren\u2019i ba\u015far\u0131s\u0131ndan dolay\u0131 kutlayan Ba\u015fkan \u00c7etin Ak\u0131n, &#8220;Y\u00fcksek\u00f6\u011fretim Kurumlar\u0131 S\u0131nav\u0131\u2019nda T\u00fcrkiye 22\u2019ncisi olarak Turgutlu\u2019muza gurur ya\u015fatan ve ba\u015far\u0131s\u0131yla g\u00f6\u011fs\u00fcm\u00fcz\u00fc kabartan Elif Ela G\u00fclseren k\u0131z\u0131m\u0131z\u0131 ve ailesini belediyemizde konuk ettik. Sevgili evlad\u0131m\u0131za emek ve \u00e7abalar\u0131n\u0131n kar\u015f\u0131l\u0131\u011f\u0131n\u0131 en g\u00fczel \u015fekilde alaca\u011f\u0131, hedeflerini ve hayallerini ger\u00e7ekle\u015ftirebilece\u011fi ayd\u0131nl\u0131k bir gelecek diliyorum. Yolu, \u015fans\u0131, baht\u0131 a\u00e7\u0131k olsun&#8221; dedi.<br \/><\/p>\n","protected":false},"excerpt":{"rendered":"<p>Turgutlu Belediye Ba\u015fkan\u0131 \u00c7etin Ak\u0131n, Y\u00fcksek\u00f6\u011fretim Kurumlar\u0131 (YKS) ve Milli Savunma \u00dcniversitesi Askeri \u00d6\u011frenci Aday Belirleme (MS\u00dc) s\u0131navlar\u0131nda dereceye giren Turgutlulu Elif Ela G\u00fclseren ile bir araya gelerek, ba\u015far\u0131lar\u0131ndan dolay\u0131 tebrik etti. \u0130zmir Fen Lisesi \u00f6\u011frencisi, YKS ve MS\u00dc s\u0131navlar\u0131nda elde etti\u011fi derecelerle Turgutlu\u2019ya gurur ya\u015fatan Elif Ela G\u00fclseren\u2019e bir tebrik de Turgutlu Belediye Ba\u015fkan\u0131&#8230;<\/p>\n","protected":false},"author":1,"featured_media":44080,"comment_status":"open","ping_status":"open","sticky":false,"template":"","format":"standard","meta":{"_crdt_document":"","footnotes":""},"categories":[1],"tags":[],"class_list":["post-44079","post","type-post","status-publish","format-standard","has-post-thumbnail","hentry","category-guncel"],"_links":{"self":[{"href":"https:\/\/www.egemtv.com\/index.php?rest_route=\/wp\/v2\/posts\/44079","targetHints":{"allow":["GET"]}}],"collection":[{"href":"https:\/\/www.egemtv.com\/index.php?rest_route=\/wp\/v2\/posts"}],"about":[{"href":"https:\/\/www.egemtv.com\/index.php?rest_route=\/wp\/v2\/types\/post"}],"author":[{"embeddable":true,"href":"https:\/\/www.egemtv.com\/index.php?rest_route=\/wp\/v2\/users\/1"}],"replies":[{"embeddable":true,"href":"https:\/\/www.egemtv.com\/index.php?rest_route=%2Fwp%2Fv2%2Fcomments&post=44079"}],"version-history":[{"count":1,"href":"https:\/\/www.egemtv.com\/index.php?rest_route=\/wp\/v2\/posts\/44079\/revisions"}],"predecessor-version":[{"id":44081,"href":"https:\/\/www.egemtv.com\/index.php?rest_route=\/wp\/v2\/posts\/44079\/revisions\/44081"}],"wp:featuredmedia":[{"embeddable":true,"href":"https:\/\/www.egemtv.com\/index.php?rest_route=\/wp\/v2\/media\/44080"}],"wp:attachment":[{"href":"https:\/\/www.egemtv.com\/index.php?rest_route=%2Fwp%2Fv2%2Fmedia&parent=44079"}],"wp:term":[{"taxonomy":"category","embeddable":true,"href":"https:\/\/www.egemtv.com\/index.php?rest_route=%2Fwp%2Fv2%2Fcategories&post=44079"},{"taxonomy":"post_tag","embeddable":true,"href":"https:\/\/www.egemtv.com\/index.php?rest_route=%2Fwp%2Fv2%2Ftags&post=44079"}],"curies":[{"name":"wp","href":"https:\/\/api.w.org\/{rel}","templated":true}]}}