{"id":44076,"date":"2025-07-23T17:15:48","date_gmt":"2025-07-23T14:15:48","guid":{"rendered":"https:\/\/www.egemtv.com\/?p=44076"},"modified":"2025-07-23T17:15:49","modified_gmt":"2025-07-23T14:15:49","slug":"izmirde-kayip-yasli-adam-icin-arama-calismalari-suruyor","status":"publish","type":"post","link":"https:\/\/www.egemtv.com\/?p=44076","title":{"rendered":"\u0130zmir\u2019de kay\u0131p ya\u015fl\u0131 adam i\u00e7in arama \u00e7al\u0131\u015fmalar\u0131 s\u00fcr\u00fcyor"},"content":{"rendered":"<p>\u0130zmir\u2019in Dikili il\u00e7esinde y\u00fcr\u00fcy\u00fc\u015fe \u00e7\u0131kt\u0131ktan sonra kaybolan ya\u015fl\u0131 adam\u0131 bulmak i\u00e7in jandarma ve arama kurtarma ekiplerinin arama \u00e7al\u0131\u015fmalar\u0131 devam ediyor.<br \/>\n<br \/>Dikili il\u00e7esine ba\u011fl\u0131 \u00c7andarl\u0131 Mahallesi\u2019nde ya\u015fayan 85 ya\u015f\u0131ndaki Mehmet Ayr\u0131ld\u0131\u2019dan d\u00fcnden bu yana haber al\u0131nam\u0131yor. Edinilen bilgilere g\u00f6re, sabah saatlerinde y\u00fcr\u00fcy\u00fc\u015f yapmak i\u00e7in evinden ayr\u0131lan Ayr\u0131ld\u0131\u2019dan uzun s\u00fcre haber alamayan yak\u0131nlar\u0131, durumu jandarma ekiplerine bildirdi. \u0130hbar \u00fczerine b\u00f6lgede jandarma ve arama kurtarma ekipleri taraf\u0131ndan \u00e7al\u0131\u015fma ba\u015flat\u0131ld\u0131. Yap\u0131lan incelemelerde, ya\u015fl\u0131 adam\u0131n d\u00fcn sabah saat 05.58\u2019de evinden \u00e7\u0131kt\u0131\u011f\u0131, g\u00fcvenlik kameralar\u0131na yans\u0131yan g\u00f6r\u00fcnt\u00fclerle tespit edildi. Bunun \u00fczerine ekipler, ya\u015fl\u0131 adam\u0131n en son g\u00f6r\u00fcld\u00fc\u011f\u00fc noktalardan ba\u015flayarak \u00e7evrede geni\u015f \u00e7apl\u0131 arama \u00e7al\u0131\u015fmas\u0131 ba\u015flatt\u0131. \u00c7al\u0131\u015fmalarda jandarma ekiplerine \u0130ZAKUT ve g\u00f6n\u00fcll\u00fc arama kurtarma ekipleri de destek veriyor. Kay\u0131p ya\u015fl\u0131 adam\u0131n bulunmas\u0131 i\u00e7in b\u00f6lgede y\u00fcr\u00fct\u00fclen arama \u00e7al\u0131\u015fmalar\u0131 s\u00fcrd\u00fcr\u00fcl\u00fcyor.<br \/><\/p>\n","protected":false},"excerpt":{"rendered":"<p>\u0130zmir\u2019in Dikili il\u00e7esinde y\u00fcr\u00fcy\u00fc\u015fe \u00e7\u0131kt\u0131ktan sonra kaybolan ya\u015fl\u0131 adam\u0131 bulmak i\u00e7in jandarma ve arama kurtarma ekiplerinin arama \u00e7al\u0131\u015fmalar\u0131 devam ediyor. Dikili il\u00e7esine ba\u011fl\u0131 \u00c7andarl\u0131 Mahallesi\u2019nde ya\u015fayan 85 ya\u015f\u0131ndaki Mehmet Ayr\u0131ld\u0131\u2019dan d\u00fcnden bu yana haber al\u0131nam\u0131yor. Edinilen bilgilere g\u00f6re, sabah saatlerinde y\u00fcr\u00fcy\u00fc\u015f yapmak i\u00e7in evinden ayr\u0131lan Ayr\u0131ld\u0131\u2019dan uzun s\u00fcre haber alamayan yak\u0131nlar\u0131, durumu jandarma ekiplerine bildirdi&#8230;.<\/p>\n","protected":false},"author":1,"featured_media":44077,"comment_status":"open","ping_status":"open","sticky":false,"template":"","format":"standard","meta":{"_crdt_document":"","footnotes":""},"categories":[5],"tags":[],"class_list":["post-44076","post","type-post","status-publish","format-standard","has-post-thumbnail","hentry","category-asayis"],"_links":{"self":[{"href":"https:\/\/www.egemtv.com\/index.php?rest_route=\/wp\/v2\/posts\/44076","targetHints":{"allow":["GET"]}}],"collection":[{"href":"https:\/\/www.egemtv.com\/index.php?rest_route=\/wp\/v2\/posts"}],"about":[{"href":"https:\/\/www.egemtv.com\/index.php?rest_route=\/wp\/v2\/types\/post"}],"author":[{"embeddable":true,"href":"https:\/\/www.egemtv.com\/index.php?rest_route=\/wp\/v2\/users\/1"}],"replies":[{"embeddable":true,"href":"https:\/\/www.egemtv.com\/index.php?rest_route=%2Fwp%2Fv2%2Fcomments&post=44076"}],"version-history":[{"count":1,"href":"https:\/\/www.egemtv.com\/index.php?rest_route=\/wp\/v2\/posts\/44076\/revisions"}],"predecessor-version":[{"id":44078,"href":"https:\/\/www.egemtv.com\/index.php?rest_route=\/wp\/v2\/posts\/44076\/revisions\/44078"}],"wp:featuredmedia":[{"embeddable":true,"href":"https:\/\/www.egemtv.com\/index.php?rest_route=\/wp\/v2\/media\/44077"}],"wp:attachment":[{"href":"https:\/\/www.egemtv.com\/index.php?rest_route=%2Fwp%2Fv2%2Fmedia&parent=44076"}],"wp:term":[{"taxonomy":"category","embeddable":true,"href":"https:\/\/www.egemtv.com\/index.php?rest_route=%2Fwp%2Fv2%2Fcategories&post=44076"},{"taxonomy":"post_tag","embeddable":true,"href":"https:\/\/www.egemtv.com\/index.php?rest_route=%2Fwp%2Fv2%2Ftags&post=44076"}],"curies":[{"name":"wp","href":"https:\/\/api.w.org\/{rel}","templated":true}]}}