{"id":44073,"date":"2025-07-23T17:15:47","date_gmt":"2025-07-23T14:15:47","guid":{"rendered":"https:\/\/www.egemtv.com\/?p=44073"},"modified":"2025-07-23T17:15:48","modified_gmt":"2025-07-23T14:15:48","slug":"seyitgaziden-saricaovaya-sicrayan-yangin-kismen-kontrol-altinda","status":"publish","type":"post","link":"https:\/\/www.egemtv.com\/?p=44073","title":{"rendered":"Seyitgazi\u2019den Sar\u0131caova\u2019ya s\u0131\u00e7rayan yang\u0131n k\u0131smen kontrol alt\u0131nda"},"content":{"rendered":"<p>Eski\u015fehir\u2019in Seyitgazi il\u00e7esinde \u00e7\u0131kan ve Afyonkarahisar\u2019\u0131n Sar\u0131caova Mahallesi\u2019ne s\u0131\u00e7rayan yang\u0131n\u0131n k\u0131smen kontrol alt\u0131na al\u0131nd\u0131\u011f\u0131 bildirildi.<br \/>\n<br \/>Seyitgazi il\u00e7esine ba\u011fl\u0131 B\u00fcy\u00fckyayla ve Fethiye mahallelerine yak\u0131n bir b\u00f6lgede d\u00fcn sabah saatlerinde \u00e7\u0131kan yang\u0131n, Afyonkarahisar\u2019\u0131n k\u0131rsal Sar\u0131caova Mahallesi\u2019ne s\u0131\u00e7rad\u0131. Alevlerin b\u00f6lgeye yakla\u015f\u0131k 300 metre yakla\u015fmas\u0131 nedeniyle yerle\u015fim yerleri bo\u015falt\u0131ld\u0131. Havadan ve karadan yap\u0131lan m\u00fcdahaleler sonucunda yang\u0131n\u0131n k\u0131smen kontrol alt\u0131na al\u0131nd\u0131\u011f\u0131 \u00f6\u011frenildi.<\/p>\n<p>Yang\u0131ndan etkilenen 2 i\u015f\u00e7i tedavi g\u00f6rd\u00fc<br \/>\n<br \/>Gece g\u00fcnd\u00fcz demeden zorlu \u015fartlar alt\u0131nda m\u00fcdahaleye devam eden ekipler, yang\u0131ndan olumsuz etkilendi. Afyonkarahisar\u2019a s\u0131\u00e7rayan yang\u0131nda 1 orman i\u015f\u00e7isi dumandan etkilenirken, 1 i\u015f\u00e7inin kolunda ise hafif derecede yan\u0131k olu\u015ftu. UMKE ekiplerinin m\u00fcdahale etti\u011fi 2 i\u015f\u00e7iye oksijen t\u00fcp\u00fc ve yan\u0131k tedavisi yap\u0131ld\u0131\u011f\u0131 aktar\u0131ld\u0131.<br \/>\n<br \/>Ekiplerin so\u011futma \u00e7al\u0131\u015fmalar\u0131 devam ediyor.<br \/><\/p>\n","protected":false},"excerpt":{"rendered":"<p>Eski\u015fehir\u2019in Seyitgazi il\u00e7esinde \u00e7\u0131kan ve Afyonkarahisar\u2019\u0131n Sar\u0131caova Mahallesi\u2019ne s\u0131\u00e7rayan yang\u0131n\u0131n k\u0131smen kontrol alt\u0131na al\u0131nd\u0131\u011f\u0131 bildirildi. Seyitgazi il\u00e7esine ba\u011fl\u0131 B\u00fcy\u00fckyayla ve Fethiye mahallelerine yak\u0131n bir b\u00f6lgede d\u00fcn sabah saatlerinde \u00e7\u0131kan yang\u0131n, Afyonkarahisar\u2019\u0131n k\u0131rsal Sar\u0131caova Mahallesi\u2019ne s\u0131\u00e7rad\u0131. Alevlerin b\u00f6lgeye yakla\u015f\u0131k 300 metre yakla\u015fmas\u0131 nedeniyle yerle\u015fim yerleri bo\u015falt\u0131ld\u0131. Havadan ve karadan yap\u0131lan m\u00fcdahaleler sonucunda yang\u0131n\u0131n k\u0131smen kontrol alt\u0131na&#8230;<\/p>\n","protected":false},"author":1,"featured_media":44074,"comment_status":"open","ping_status":"open","sticky":false,"template":"","format":"standard","meta":{"_crdt_document":"","footnotes":""},"categories":[5],"tags":[],"class_list":["post-44073","post","type-post","status-publish","format-standard","has-post-thumbnail","hentry","category-asayis"],"_links":{"self":[{"href":"https:\/\/www.egemtv.com\/index.php?rest_route=\/wp\/v2\/posts\/44073","targetHints":{"allow":["GET"]}}],"collection":[{"href":"https:\/\/www.egemtv.com\/index.php?rest_route=\/wp\/v2\/posts"}],"about":[{"href":"https:\/\/www.egemtv.com\/index.php?rest_route=\/wp\/v2\/types\/post"}],"author":[{"embeddable":true,"href":"https:\/\/www.egemtv.com\/index.php?rest_route=\/wp\/v2\/users\/1"}],"replies":[{"embeddable":true,"href":"https:\/\/www.egemtv.com\/index.php?rest_route=%2Fwp%2Fv2%2Fcomments&post=44073"}],"version-history":[{"count":1,"href":"https:\/\/www.egemtv.com\/index.php?rest_route=\/wp\/v2\/posts\/44073\/revisions"}],"predecessor-version":[{"id":44075,"href":"https:\/\/www.egemtv.com\/index.php?rest_route=\/wp\/v2\/posts\/44073\/revisions\/44075"}],"wp:featuredmedia":[{"embeddable":true,"href":"https:\/\/www.egemtv.com\/index.php?rest_route=\/wp\/v2\/media\/44074"}],"wp:attachment":[{"href":"https:\/\/www.egemtv.com\/index.php?rest_route=%2Fwp%2Fv2%2Fmedia&parent=44073"}],"wp:term":[{"taxonomy":"category","embeddable":true,"href":"https:\/\/www.egemtv.com\/index.php?rest_route=%2Fwp%2Fv2%2Fcategories&post=44073"},{"taxonomy":"post_tag","embeddable":true,"href":"https:\/\/www.egemtv.com\/index.php?rest_route=%2Fwp%2Fv2%2Ftags&post=44073"}],"curies":[{"name":"wp","href":"https:\/\/api.w.org\/{rel}","templated":true}]}}