{"id":44070,"date":"2025-07-23T17:15:46","date_gmt":"2025-07-23T14:15:46","guid":{"rendered":"https:\/\/www.egemtv.com\/?p=44070"},"modified":"2025-07-23T17:15:47","modified_gmt":"2025-07-23T14:15:47","slug":"calda-cikan-orman-yangini-sonduruldu","status":"publish","type":"post","link":"https:\/\/www.egemtv.com\/?p=44070","title":{"rendered":"\u00c7al\u2019da \u00e7\u0131kan orman yang\u0131n\u0131 s\u00f6nd\u00fcr\u00fcld\u00fc"},"content":{"rendered":"<p>Denizli\u2019nin \u00c7al il\u00e7esinde meydana gelen orman yang\u0131n\u0131 havadan ve karadan yap\u0131lan yo\u011fun m\u00fcdahale sonucunda s\u00f6nd\u00fcr\u00fcld\u00fc.<br \/>\n<br \/>Denizli\u2019nin \u00c7al il\u00e7esi Belevi Mahallesi Bal\u0131kbo\u011faz\u0131 mevkiinde \u00f6\u011fle saatlerinde ba\u015flayan orman yang\u0131n\u0131na ekipler h\u0131zl\u0131 ve cansiperane m\u00fcdahale etti. Yang\u0131n, makilik alanda ba\u015flad\u0131 ve  ormanl\u0131k alana fazla zar vermeden s\u00f6nd\u00fcr\u00fcld\u00fc. Yang\u0131na havadan 1 yang\u0131n s\u00f6nd\u00fcrme u\u00e7a\u011f\u0131, 2 yang\u0131n s\u00f6nd\u00fcrme helikopteri ile m\u00fcdahale edilirken ayn\u0131 zamanda karadan ise 11 araz\u00f6z, 2 i\u015f makinesi, 13 ilk m\u00fcdahale arac\u0131 ve 106 personelle m\u00fcdahale edildi. Ekiplerin yo\u011fun ve h\u0131zl\u0131 m\u00fcdahalesi sonucu yang\u0131n b\u00fcy\u00fcmeden s\u00f6nd\u00fcr\u00fcld\u00fc.<br \/><\/p>\n","protected":false},"excerpt":{"rendered":"<p>Denizli\u2019nin \u00c7al il\u00e7esinde meydana gelen orman yang\u0131n\u0131 havadan ve karadan yap\u0131lan yo\u011fun m\u00fcdahale sonucunda s\u00f6nd\u00fcr\u00fcld\u00fc. Denizli\u2019nin \u00c7al il\u00e7esi Belevi Mahallesi Bal\u0131kbo\u011faz\u0131 mevkiinde \u00f6\u011fle saatlerinde ba\u015flayan orman yang\u0131n\u0131na ekipler h\u0131zl\u0131 ve cansiperane m\u00fcdahale etti. Yang\u0131n, makilik alanda ba\u015flad\u0131 ve ormanl\u0131k alana fazla zar vermeden s\u00f6nd\u00fcr\u00fcld\u00fc. Yang\u0131na havadan 1 yang\u0131n s\u00f6nd\u00fcrme u\u00e7a\u011f\u0131, 2 yang\u0131n s\u00f6nd\u00fcrme helikopteri ile&#8230;<\/p>\n","protected":false},"author":1,"featured_media":44071,"comment_status":"open","ping_status":"open","sticky":false,"template":"","format":"standard","meta":{"_crdt_document":"","footnotes":""},"categories":[5],"tags":[],"class_list":["post-44070","post","type-post","status-publish","format-standard","has-post-thumbnail","hentry","category-asayis"],"_links":{"self":[{"href":"https:\/\/www.egemtv.com\/index.php?rest_route=\/wp\/v2\/posts\/44070","targetHints":{"allow":["GET"]}}],"collection":[{"href":"https:\/\/www.egemtv.com\/index.php?rest_route=\/wp\/v2\/posts"}],"about":[{"href":"https:\/\/www.egemtv.com\/index.php?rest_route=\/wp\/v2\/types\/post"}],"author":[{"embeddable":true,"href":"https:\/\/www.egemtv.com\/index.php?rest_route=\/wp\/v2\/users\/1"}],"replies":[{"embeddable":true,"href":"https:\/\/www.egemtv.com\/index.php?rest_route=%2Fwp%2Fv2%2Fcomments&post=44070"}],"version-history":[{"count":1,"href":"https:\/\/www.egemtv.com\/index.php?rest_route=\/wp\/v2\/posts\/44070\/revisions"}],"predecessor-version":[{"id":44072,"href":"https:\/\/www.egemtv.com\/index.php?rest_route=\/wp\/v2\/posts\/44070\/revisions\/44072"}],"wp:featuredmedia":[{"embeddable":true,"href":"https:\/\/www.egemtv.com\/index.php?rest_route=\/wp\/v2\/media\/44071"}],"wp:attachment":[{"href":"https:\/\/www.egemtv.com\/index.php?rest_route=%2Fwp%2Fv2%2Fmedia&parent=44070"}],"wp:term":[{"taxonomy":"category","embeddable":true,"href":"https:\/\/www.egemtv.com\/index.php?rest_route=%2Fwp%2Fv2%2Fcategories&post=44070"},{"taxonomy":"post_tag","embeddable":true,"href":"https:\/\/www.egemtv.com\/index.php?rest_route=%2Fwp%2Fv2%2Ftags&post=44070"}],"curies":[{"name":"wp","href":"https:\/\/api.w.org\/{rel}","templated":true}]}}