{"id":44067,"date":"2025-07-23T17:15:45","date_gmt":"2025-07-23T14:15:45","guid":{"rendered":"https:\/\/www.egemtv.com\/?p=44067"},"modified":"2025-07-23T17:15:46","modified_gmt":"2025-07-23T14:15:46","slug":"antalyadan-firar-etti-aydinda-yakalandi","status":"publish","type":"post","link":"https:\/\/www.egemtv.com\/?p=44067","title":{"rendered":"Antalya\u2019dan firar etti, Ayd\u0131n\u2019da yakaland\u0131"},"content":{"rendered":"<p>Antalya\u2019da cezaevinden firar eden hakk\u0131nda 22 y\u0131l 11 ay kesinle\u015fmi\u015f hapis cezas\u0131 bulunan \u015fah\u0131s Ayd\u0131n\u2019\u0131n Efeler il\u00e7esinde polisin yapt\u0131\u011f\u0131 operasyon ile yakaland\u0131.<\/p>\n<p>Ayd\u0131n \u0130l Emniyet M\u00fcd\u00fcrl\u00fc\u011f\u00fc ekipleri aranan \u015fah\u0131slar\u0131n yakalanmas\u0131na y\u00f6nelik \u00e7al\u0131\u015fmalar\u0131na devam ediyor. Hakk\u0131nda H\u0131rs\u0131zl\u0131k ve Uyu\u015fturucu Madde Ticareti su\u00e7lar\u0131ndan kesinle\u015fmi\u015f 22 y\u0131l 11 ay hapis cezas\u0131 bulunan ve 2025 y\u0131l\u0131 i\u00e7erisinde Antalya Cezaevi\u2019nden firar ederek Ayd\u0131n\u2019a geldi\u011fi de\u011ferlendirilen \u00dc.K. isimli \u015fahs\u0131 takibe ald\u0131. Asayi\u015f \u015eube M\u00fcd\u00fcrl\u00fc\u011f\u00fc Aranan \u015eah\u0131slar B\u00fcro Amirli\u011fi ve Efeler \u0130l\u00e7e Emniyet M\u00fcd\u00fcrl\u00fc\u011f\u00fc ekiplerince koordineli olarak yap\u0131lan operasyonda \u00dc.K. Efeler\u2019de yakaland\u0131.<br \/><\/p>\n","protected":false},"excerpt":{"rendered":"<p>Antalya\u2019da cezaevinden firar eden hakk\u0131nda 22 y\u0131l 11 ay kesinle\u015fmi\u015f hapis cezas\u0131 bulunan \u015fah\u0131s Ayd\u0131n\u2019\u0131n Efeler il\u00e7esinde polisin yapt\u0131\u011f\u0131 operasyon ile yakaland\u0131. Ayd\u0131n \u0130l Emniyet M\u00fcd\u00fcrl\u00fc\u011f\u00fc ekipleri aranan \u015fah\u0131slar\u0131n yakalanmas\u0131na y\u00f6nelik \u00e7al\u0131\u015fmalar\u0131na devam ediyor. Hakk\u0131nda H\u0131rs\u0131zl\u0131k ve Uyu\u015fturucu Madde Ticareti su\u00e7lar\u0131ndan kesinle\u015fmi\u015f 22 y\u0131l 11 ay hapis cezas\u0131 bulunan ve 2025 y\u0131l\u0131 i\u00e7erisinde Antalya Cezaevi\u2019nden&#8230;<\/p>\n","protected":false},"author":1,"featured_media":44068,"comment_status":"open","ping_status":"open","sticky":false,"template":"","format":"standard","meta":{"_crdt_document":"","footnotes":""},"categories":[5],"tags":[],"class_list":["post-44067","post","type-post","status-publish","format-standard","has-post-thumbnail","hentry","category-asayis"],"_links":{"self":[{"href":"https:\/\/www.egemtv.com\/index.php?rest_route=\/wp\/v2\/posts\/44067","targetHints":{"allow":["GET"]}}],"collection":[{"href":"https:\/\/www.egemtv.com\/index.php?rest_route=\/wp\/v2\/posts"}],"about":[{"href":"https:\/\/www.egemtv.com\/index.php?rest_route=\/wp\/v2\/types\/post"}],"author":[{"embeddable":true,"href":"https:\/\/www.egemtv.com\/index.php?rest_route=\/wp\/v2\/users\/1"}],"replies":[{"embeddable":true,"href":"https:\/\/www.egemtv.com\/index.php?rest_route=%2Fwp%2Fv2%2Fcomments&post=44067"}],"version-history":[{"count":1,"href":"https:\/\/www.egemtv.com\/index.php?rest_route=\/wp\/v2\/posts\/44067\/revisions"}],"predecessor-version":[{"id":44069,"href":"https:\/\/www.egemtv.com\/index.php?rest_route=\/wp\/v2\/posts\/44067\/revisions\/44069"}],"wp:featuredmedia":[{"embeddable":true,"href":"https:\/\/www.egemtv.com\/index.php?rest_route=\/wp\/v2\/media\/44068"}],"wp:attachment":[{"href":"https:\/\/www.egemtv.com\/index.php?rest_route=%2Fwp%2Fv2%2Fmedia&parent=44067"}],"wp:term":[{"taxonomy":"category","embeddable":true,"href":"https:\/\/www.egemtv.com\/index.php?rest_route=%2Fwp%2Fv2%2Fcategories&post=44067"},{"taxonomy":"post_tag","embeddable":true,"href":"https:\/\/www.egemtv.com\/index.php?rest_route=%2Fwp%2Fv2%2Ftags&post=44067"}],"curies":[{"name":"wp","href":"https:\/\/api.w.org\/{rel}","templated":true}]}}