{"id":44064,"date":"2025-07-23T16:54:53","date_gmt":"2025-07-23T13:54:53","guid":{"rendered":"https:\/\/www.egemtv.com\/?p=44064"},"modified":"2025-07-23T16:54:54","modified_gmt":"2025-07-23T13:54:54","slug":"sobaka-iki-arama-kurtarma-dernegi","status":"publish","type":"post","link":"https:\/\/www.egemtv.com\/?p=44064","title":{"rendered":"S\u00d6BAK\u2019a iki arama kurtarma derne\u011fi"},"content":{"rendered":"<p>S\u00f6ke Belediyesi taraf\u0131ndan kurulan Arama Kurtarma Ekibi S\u00d6BAK, iki \u00f6zel e\u011fitimli k\u00f6pek ile g\u00fc\u00e7lenecek. \u2018Zeyna\u2019 ve \u2018Tokyo\u2019 isimli arama kurtarma k\u00f6pekleri, \u0130zmir\u2019de bulunan AFAD k\u00f6pek e\u011fitim merkezi koordinasyonunda e\u011fitimlerine ba\u015flad\u0131. K\u00f6peklerin \u0131rklar\u0131n\u0131n ise \u2018Bel\u00e7ika Malinois\u2019 kurt k\u00f6pe\u011fi oldu\u011fu ifade edildi.<\/p>\n<p>S\u00f6ke Belediyesi Afet \u0130\u015fleri M\u00fcd\u00fcrl\u00fc\u011f\u00fc b\u00fcnyesinde faaliyet g\u00f6steren S\u00d6BAK, muhtemel afet ve acil durumlara kar\u015f\u0131 haz\u0131rl\u0131k \u00e7al\u0131\u015fmalar\u0131n\u0131 aral\u0131ks\u0131z s\u00fcrd\u00fcr\u00fcyor. \u00d6zellikle depremlerde hayati roller \u00fcstlenen arama kurtarma k\u00f6pekleri, S\u00d6BAK\u2019\u0131n sahadaki etkinli\u011fini art\u0131racak.<\/p>\n<p>AFAD i\u015f birli\u011fiyle e\u011fitim s\u00fcrecine kat\u0131lan Zeyna ve Tokyo, muhtemel afet anlar\u0131nda enkaz alt\u0131ndaki ki\u015filerin tespitinde \u00f6nemli g\u00f6revler \u00fcstlenecek. S\u00f6ke Belediyesi Afet \u0130\u015fleri M\u00fcd\u00fcrl\u00fc\u011f\u00fc\u2019nden yap\u0131lan a\u00e7\u0131klamada; &#8220;Bu iki yeni can dost arama kurtarma faaliyetlerinde ekip ruhuna b\u00fcy\u00fck katk\u0131 sa\u011flayacak. Ge\u00e7mi\u015fte \u00fclkemiz ve d\u00fcnyada ya\u015fanan bir\u00e7ok faaliyette e\u011fitimli k\u00f6peklerin neler yapabildi\u011fini g\u00f6rd\u00fck. Ba\u015fkan\u0131m\u0131z Dr. Mustafa \u0130berya Ar\u0131kan\u2019\u0131n talimatlar\u0131 do\u011frultusunda afet \u00f6ncesi haz\u0131rl\u0131k \u00e7al\u0131\u015fmalar\u0131m\u0131z h\u0131zla s\u00fcr\u00fcyor. S\u00d6BAK\u2019\u0131 afetlere kar\u015f\u0131 daha g\u00fc\u00e7l\u00fc ve donan\u0131ml\u0131 bir yap\u0131ya kavu\u015fturmay\u0131 hedefliyoruz&#8221; denildi.<br \/><\/p>\n","protected":false},"excerpt":{"rendered":"<p>S\u00f6ke Belediyesi taraf\u0131ndan kurulan Arama Kurtarma Ekibi S\u00d6BAK, iki \u00f6zel e\u011fitimli k\u00f6pek ile g\u00fc\u00e7lenecek. \u2018Zeyna\u2019 ve \u2018Tokyo\u2019 isimli arama kurtarma k\u00f6pekleri, \u0130zmir\u2019de bulunan AFAD k\u00f6pek e\u011fitim merkezi koordinasyonunda e\u011fitimlerine ba\u015flad\u0131. K\u00f6peklerin \u0131rklar\u0131n\u0131n ise \u2018Bel\u00e7ika Malinois\u2019 kurt k\u00f6pe\u011fi oldu\u011fu ifade edildi. S\u00f6ke Belediyesi Afet \u0130\u015fleri M\u00fcd\u00fcrl\u00fc\u011f\u00fc b\u00fcnyesinde faaliyet g\u00f6steren S\u00d6BAK, muhtemel afet ve acil durumlara kar\u015f\u0131&#8230;<\/p>\n","protected":false},"author":1,"featured_media":44065,"comment_status":"open","ping_status":"open","sticky":false,"template":"","format":"standard","meta":{"_crdt_document":"","footnotes":""},"categories":[1],"tags":[],"class_list":["post-44064","post","type-post","status-publish","format-standard","has-post-thumbnail","hentry","category-guncel"],"_links":{"self":[{"href":"https:\/\/www.egemtv.com\/index.php?rest_route=\/wp\/v2\/posts\/44064","targetHints":{"allow":["GET"]}}],"collection":[{"href":"https:\/\/www.egemtv.com\/index.php?rest_route=\/wp\/v2\/posts"}],"about":[{"href":"https:\/\/www.egemtv.com\/index.php?rest_route=\/wp\/v2\/types\/post"}],"author":[{"embeddable":true,"href":"https:\/\/www.egemtv.com\/index.php?rest_route=\/wp\/v2\/users\/1"}],"replies":[{"embeddable":true,"href":"https:\/\/www.egemtv.com\/index.php?rest_route=%2Fwp%2Fv2%2Fcomments&post=44064"}],"version-history":[{"count":1,"href":"https:\/\/www.egemtv.com\/index.php?rest_route=\/wp\/v2\/posts\/44064\/revisions"}],"predecessor-version":[{"id":44066,"href":"https:\/\/www.egemtv.com\/index.php?rest_route=\/wp\/v2\/posts\/44064\/revisions\/44066"}],"wp:featuredmedia":[{"embeddable":true,"href":"https:\/\/www.egemtv.com\/index.php?rest_route=\/wp\/v2\/media\/44065"}],"wp:attachment":[{"href":"https:\/\/www.egemtv.com\/index.php?rest_route=%2Fwp%2Fv2%2Fmedia&parent=44064"}],"wp:term":[{"taxonomy":"category","embeddable":true,"href":"https:\/\/www.egemtv.com\/index.php?rest_route=%2Fwp%2Fv2%2Fcategories&post=44064"},{"taxonomy":"post_tag","embeddable":true,"href":"https:\/\/www.egemtv.com\/index.php?rest_route=%2Fwp%2Fv2%2Ftags&post=44064"}],"curies":[{"name":"wp","href":"https:\/\/api.w.org\/{rel}","templated":true}]}}