{"id":44061,"date":"2025-07-23T16:54:52","date_gmt":"2025-07-23T13:54:52","guid":{"rendered":"https:\/\/www.egemtv.com\/?p=44061"},"modified":"2025-07-23T16:54:53","modified_gmt":"2025-07-23T13:54:53","slug":"baskan-erkan-saglam-dogru-haber-icin-basinimiz-yasamali","status":"publish","type":"post","link":"https:\/\/www.egemtv.com\/?p=44061","title":{"rendered":"Ba\u015fkan Erkan Sa\u011flam: &#8220;Do\u011fru haber i\u00e7in bas\u0131n\u0131m\u0131z ya\u015famal\u0131&#8221;"},"content":{"rendered":"<p>K\u00fctahya Gazeteciler Cemiyeti Ba\u015fkan\u0131 Erkan Sa\u011flam, 24 Temmuz Gazeteciler ve Bas\u0131n Bayram\u0131 dolay\u0131s\u0131yla yapt\u0131\u011f\u0131 a\u00e7\u0131klamada, bas\u0131n\u0131n kar\u015f\u0131 kar\u015f\u0131ya oldu\u011fu sorunlara dikkat \u00e7ekerek, \u00e7\u00f6z\u00fcm i\u00e7in giri\u015fimlerini s\u00fcrd\u00fcrd\u00fcklerini belirtti.<br \/>\n<br \/>T\u00fcrk bas\u0131n\u0131nda sans\u00fcr\u00fcn kald\u0131r\u0131ld\u0131\u011f\u0131 24 Temmuz 1908 tarihinin her y\u0131l &#8220;Gazeteciler ve Bas\u0131n Bayram\u0131&#8221; olarak kutland\u0131\u011f\u0131n\u0131 hat\u0131rlatan Ba\u015fkan Sa\u011flam, i\u00e7inde bulunulan zor \u015fartlar nedeniyle bu g\u00fcn\u00fc bir bayramdan \u00e7ok, &#8220;dayan\u0131\u015fma g\u00fcn\u00fc&#8221; olarak de\u011ferlendirdiklerini vurgulad\u0131. Sa\u011flam, bas\u0131n \u00f6zg\u00fcrl\u00fc\u011f\u00fc, \u00e7al\u0131\u015fma \u015fartlar\u0131, mesleki standartlar ve dijital habercilik gibi alanlarda acil \u00e7\u00f6z\u00fcm bekleyen \u00e7ok say\u0131da sorun bulundu\u011funa dikkat \u00e7ekti.<\/p>\n<p>&#8220;Ekonomik zorluklar yerel bas\u0131n\u0131 zorluyor&#8221;<br \/>\n<br \/>\u00d6zellikle yerel bas\u0131n\u0131n hem sekt\u00f6rel hem de ekonomik s\u0131k\u0131nt\u0131larla m\u00fccadele etti\u011fini belirten Ba\u015fkan Sa\u011flam, &#8220;Gazetelerimiz, internet sitelerimiz ve radyolar\u0131m\u0131z s\u00fcrekli ekonomik sorunlarla kar\u015f\u0131 kar\u015f\u0131ya. Resmi ilan gelirlerinde ciddi bir d\u00fc\u015f\u00fc\u015f ya\u015fan\u0131yor. Bu durum, bas\u0131n kurulu\u015flar\u0131n\u0131n ayakta kalmas\u0131n\u0131 zorla\u015ft\u0131r\u0131yor&#8221; dedi.<br \/>\n<br \/>Ya\u015fanan s\u0131k\u0131nt\u0131lar\u0131n halk\u0131n do\u011fru ve zaman\u0131nda bilgiye ula\u015fmas\u0131n\u0131 engelledi\u011fini ifade eden Sa\u011flam, &#8220;Bas\u0131n kurulu\u015flar\u0131n\u0131n kapanmas\u0131, yerel demokrasiyi zay\u0131flat\u0131r, halk\u0131n sesi duyulmaz hale gelir. Bu da toplumda b\u00fcy\u00fck bir bilgi bo\u015flu\u011fu olu\u015fturur&#8221; \u015feklinde konu\u015ftu.<\/p>\n<p>&#8220;Do\u011fru haber i\u00e7in gazeteler ya\u015famal\u0131&#8221;<br \/>\n<br \/>Do\u011fru bilgi ve tarafs\u0131z yay\u0131n anlay\u0131\u015f\u0131n\u0131n \u00f6nemine vurgu yapan Sa\u011flam, &#8220;Toplumun g\u00fcvenilir haber kaynaklar\u0131na ula\u015fabilmesi i\u00e7in gazetelerimiz ve internet sitelerimiz ya\u015famal\u0131. G\u00f6revlerini en iyi \u015fekilde yapabilmeleri i\u00e7in desteklenmeleri \u015fart&#8221; dedi.<br \/>\n<br \/>Bas\u0131n\u0131n desteklenmesi i\u00e7in kamu kurumlar\u0131, i\u015f d\u00fcnyas\u0131, sivil toplum kurulu\u015flar\u0131 ve siyasilerin sorumluluk \u00fcstlenmesi gerekti\u011fini belirten Sa\u011flam, vatanda\u015flara da \u00e7a\u011fr\u0131da bulunarak &#8220;Ara\u015ft\u0131ran, do\u011frulu\u011fu teyit edilmi\u015f haber yapan bas\u0131na sahip \u00e7\u0131kmal\u0131y\u0131z. Sosyal medyadaki kayna\u011f\u0131 belirsiz i\u00e7erikler yerine, g\u00fcvenilir gazetelerden ve internet sitelerinden bilgi al\u0131nmal\u0131d\u0131r&#8221; ifadelerine yer verdi.<br \/>\n<br \/>Sa\u011flam a\u00e7\u0131klamas\u0131n\u0131, &#8220;Bas\u0131n\u0131m\u0131za sahip \u00e7\u0131kal\u0131m, \u00e7\u00fcnk\u00fc bas\u0131n halk\u0131n sesidir&#8221; s\u00f6zleriyle tamamlad\u0131.<br \/><\/p>\n","protected":false},"excerpt":{"rendered":"<p>K\u00fctahya Gazeteciler Cemiyeti Ba\u015fkan\u0131 Erkan Sa\u011flam, 24 Temmuz Gazeteciler ve Bas\u0131n Bayram\u0131 dolay\u0131s\u0131yla yapt\u0131\u011f\u0131 a\u00e7\u0131klamada, bas\u0131n\u0131n kar\u015f\u0131 kar\u015f\u0131ya oldu\u011fu sorunlara dikkat \u00e7ekerek, \u00e7\u00f6z\u00fcm i\u00e7in giri\u015fimlerini s\u00fcrd\u00fcrd\u00fcklerini belirtti. T\u00fcrk bas\u0131n\u0131nda sans\u00fcr\u00fcn kald\u0131r\u0131ld\u0131\u011f\u0131 24 Temmuz 1908 tarihinin her y\u0131l &#8220;Gazeteciler ve Bas\u0131n Bayram\u0131&#8221; olarak kutland\u0131\u011f\u0131n\u0131 hat\u0131rlatan Ba\u015fkan Sa\u011flam, i\u00e7inde bulunulan zor \u015fartlar nedeniyle bu g\u00fcn\u00fc bir bayramdan&#8230;<\/p>\n","protected":false},"author":1,"featured_media":44062,"comment_status":"open","ping_status":"open","sticky":false,"template":"","format":"standard","meta":{"_crdt_document":"","footnotes":""},"categories":[1],"tags":[],"class_list":["post-44061","post","type-post","status-publish","format-standard","has-post-thumbnail","hentry","category-guncel"],"_links":{"self":[{"href":"https:\/\/www.egemtv.com\/index.php?rest_route=\/wp\/v2\/posts\/44061","targetHints":{"allow":["GET"]}}],"collection":[{"href":"https:\/\/www.egemtv.com\/index.php?rest_route=\/wp\/v2\/posts"}],"about":[{"href":"https:\/\/www.egemtv.com\/index.php?rest_route=\/wp\/v2\/types\/post"}],"author":[{"embeddable":true,"href":"https:\/\/www.egemtv.com\/index.php?rest_route=\/wp\/v2\/users\/1"}],"replies":[{"embeddable":true,"href":"https:\/\/www.egemtv.com\/index.php?rest_route=%2Fwp%2Fv2%2Fcomments&post=44061"}],"version-history":[{"count":1,"href":"https:\/\/www.egemtv.com\/index.php?rest_route=\/wp\/v2\/posts\/44061\/revisions"}],"predecessor-version":[{"id":44063,"href":"https:\/\/www.egemtv.com\/index.php?rest_route=\/wp\/v2\/posts\/44061\/revisions\/44063"}],"wp:featuredmedia":[{"embeddable":true,"href":"https:\/\/www.egemtv.com\/index.php?rest_route=\/wp\/v2\/media\/44062"}],"wp:attachment":[{"href":"https:\/\/www.egemtv.com\/index.php?rest_route=%2Fwp%2Fv2%2Fmedia&parent=44061"}],"wp:term":[{"taxonomy":"category","embeddable":true,"href":"https:\/\/www.egemtv.com\/index.php?rest_route=%2Fwp%2Fv2%2Fcategories&post=44061"},{"taxonomy":"post_tag","embeddable":true,"href":"https:\/\/www.egemtv.com\/index.php?rest_route=%2Fwp%2Fv2%2Ftags&post=44061"}],"curies":[{"name":"wp","href":"https:\/\/api.w.org\/{rel}","templated":true}]}}