{"id":43809,"date":"2025-07-22T14:35:52","date_gmt":"2025-07-22T11:35:52","guid":{"rendered":"https:\/\/www.egemtv.com\/?p=43809"},"modified":"2025-07-22T14:35:52","modified_gmt":"2025-07-22T11:35:52","slug":"sehzadelerde-40-bin-urun-ihtiyac-sahibine-ulastirildi","status":"publish","type":"post","link":"https:\/\/www.egemtv.com\/?p=43809","title":{"rendered":"\u015eehzadeler\u2019de 40 bin \u00fcr\u00fcn ihtiya\u00e7 sahibine ula\u015ft\u0131r\u0131ld\u0131"},"content":{"rendered":"<p>Manisa\u2019n\u0131n \u015eehzadeler il\u00e7esinde \u015eehzadeler Kaymakaml\u0131\u011f\u0131 Sosyal Yard\u0131mla\u015fma ve Dayan\u0131\u015fma Vakf\u0131\u2019na ba\u011fl\u0131 olan 3 katl\u0131 &#8220;Sosyal Market&#8221; ile 1,5 y\u0131l i\u00e7erisinde yakla\u015f\u0131k 40 bin \u00fcr\u00fcn ihtiya\u00e7 sahibine ula\u015ft\u0131r\u0131ld\u0131.<br \/>\n<br \/>Manisa\u2019n\u0131n \u015eehzadeler il\u00e7esinde 2023 y\u0131l\u0131n\u0131n eyl\u00fcl ay\u0131nda Kaymakam Fatih Genel taraf\u0131ndan hayata ge\u00e7irilen 3 katl\u0131 &#8220;Sosyal Market&#8221; \u015eehzadeler Kaymakaml\u0131\u011f\u0131 Sosyal Yard\u0131mla\u015fma ve Dayan\u0131\u015fma Vakf\u0131\u2019na ba\u011fl\u0131 olarak 1,5 y\u0131ld\u0131r hizmet vermeye devam ediyor. \u0130htiya\u00e7 sahiplerine 7\u2019den 70\u2019e ambalaj\u0131nda her t\u00fcrl\u00fc yeni giyecek temini konusunda hizmet veren market ile bug\u00fcne kadar yakla\u015f\u0131k 40 bin \u00fcr\u00fcn ihtiya\u00e7 sahiplerine ula\u015ft\u0131r\u0131ld\u0131.<br \/>\n<br \/>&#8220;Sosyal Market&#8221;in yard\u0131mla\u015fma k\u00fclt\u00fcr\u00fcn\u00fcn ya\u015fatt\u0131\u011f\u0131na vurgu yapan Vak\u0131f M\u00fcd\u00fcr\u00fc Esin A\u011f\u0131rkaya, &#8220;Devlet olarak bizim amac\u0131m\u0131z, ihtiya\u00e7 sahibi vatanda\u015flar\u0131m\u0131za yard\u0131mc\u0131 olmakt\u0131r. Sosyal Markette hay\u0131rsever vatanda\u015flar\u0131m\u0131z\u0131n vakf\u0131m\u0131za ba\u011f\u0131\u015flad\u0131\u011f\u0131 yeni ve kaliteli k\u0131yafet ile di\u011fer malzemeler bulunmaktad\u0131r. Bu malzemeler market \u00e7al\u0131\u015fanlar\u0131m\u0131z taraf\u0131ndan \u00f6zenle paketlenip raflara yerle\u015ftirilerek ihtiya\u00e7 sahibi vatanda\u015flar\u0131m\u0131za sunulmaktad\u0131r&#8221; dedi.<br \/>\n<br \/>Sosyal Market\u2019in 3 kat \u00fczerinden hizmet verdi\u011fini anlatan A\u011f\u0131rkaya, &#8220;Sosyal Market\u2019te kad\u0131n, erkek ve \u00e7ocuk olmak \u00fczere farkl\u0131 ya\u015f gruplar\u0131ndan ki\u015filere ayakkab\u0131 dahil \u00f6zel k\u0131yafetler bulunuyor. \u0130steyen ihtiya\u00e7 sahibi vatanda\u015flar be\u011fendikleri k\u0131yafetleri mevcut olan soyunma kabinlerinde deneyerek al\u0131yor. Hay\u0131rseverlerle ihtiya\u00e7 sahibi insanlar aras\u0131nda adeta k\u00f6pr\u00fc g\u00f6revi g\u00f6ren Sosyal Ma\u011fazam\u0131z, kuruldu\u011fu g\u00fcnden bug\u00fcne kadar toplam 55 bin kabul \u00fcr\u00fcnden, 40 binin \u00fczerinde \u00fcr\u00fcn\u00fc ailelere bedelsiz teslim etmi\u015ftir&#8221; diye konu\u015ftu.<br \/>\n<br \/>Vak\u0131f M\u00fcd\u00fcr\u00fc A\u011f\u0131rkaya, vatanda\u015flar\u0131n y\u00fcz\u00fcn\u00fcn g\u00fclmesine vesile olan Sosyal Market\u2019in il\u00e7emize kazand\u0131r\u0131lmas\u0131nda \u00e7ok b\u00fcy\u00fck eme\u011fi ge\u00e7en, \u015eehzadeler Kaymakam\u0131 Fatih Genel ve Vak\u0131f M\u00fctevelli Heyeti ile hay\u0131rseverlere te\u015fekk\u00fcr etti\u011fini s\u00f6zlerine ekledi.<br \/><\/p>\n","protected":false},"excerpt":{"rendered":"<p>Manisa\u2019n\u0131n \u015eehzadeler il\u00e7esinde \u015eehzadeler Kaymakaml\u0131\u011f\u0131 Sosyal Yard\u0131mla\u015fma ve Dayan\u0131\u015fma Vakf\u0131\u2019na ba\u011fl\u0131 olan 3 katl\u0131 &#8220;Sosyal Market&#8221; ile 1,5 y\u0131l i\u00e7erisinde yakla\u015f\u0131k 40 bin \u00fcr\u00fcn ihtiya\u00e7 sahibine ula\u015ft\u0131r\u0131ld\u0131. Manisa\u2019n\u0131n \u015eehzadeler il\u00e7esinde 2023 y\u0131l\u0131n\u0131n eyl\u00fcl ay\u0131nda Kaymakam Fatih Genel taraf\u0131ndan hayata ge\u00e7irilen 3 katl\u0131 &#8220;Sosyal Market&#8221; \u015eehzadeler Kaymakaml\u0131\u011f\u0131 Sosyal Yard\u0131mla\u015fma ve Dayan\u0131\u015fma Vakf\u0131\u2019na ba\u011fl\u0131 olarak 1,5 y\u0131ld\u0131r&#8230;<\/p>\n","protected":false},"author":1,"featured_media":43810,"comment_status":"open","ping_status":"open","sticky":false,"template":"","format":"standard","meta":{"_crdt_document":"","footnotes":""},"categories":[123],"tags":[],"class_list":["post-43809","post","type-post","status-publish","format-standard","has-post-thumbnail","hentry","category-gundem"],"_links":{"self":[{"href":"https:\/\/www.egemtv.com\/index.php?rest_route=\/wp\/v2\/posts\/43809","targetHints":{"allow":["GET"]}}],"collection":[{"href":"https:\/\/www.egemtv.com\/index.php?rest_route=\/wp\/v2\/posts"}],"about":[{"href":"https:\/\/www.egemtv.com\/index.php?rest_route=\/wp\/v2\/types\/post"}],"author":[{"embeddable":true,"href":"https:\/\/www.egemtv.com\/index.php?rest_route=\/wp\/v2\/users\/1"}],"replies":[{"embeddable":true,"href":"https:\/\/www.egemtv.com\/index.php?rest_route=%2Fwp%2Fv2%2Fcomments&post=43809"}],"version-history":[{"count":1,"href":"https:\/\/www.egemtv.com\/index.php?rest_route=\/wp\/v2\/posts\/43809\/revisions"}],"predecessor-version":[{"id":43811,"href":"https:\/\/www.egemtv.com\/index.php?rest_route=\/wp\/v2\/posts\/43809\/revisions\/43811"}],"wp:featuredmedia":[{"embeddable":true,"href":"https:\/\/www.egemtv.com\/index.php?rest_route=\/wp\/v2\/media\/43810"}],"wp:attachment":[{"href":"https:\/\/www.egemtv.com\/index.php?rest_route=%2Fwp%2Fv2%2Fmedia&parent=43809"}],"wp:term":[{"taxonomy":"category","embeddable":true,"href":"https:\/\/www.egemtv.com\/index.php?rest_route=%2Fwp%2Fv2%2Fcategories&post=43809"},{"taxonomy":"post_tag","embeddable":true,"href":"https:\/\/www.egemtv.com\/index.php?rest_route=%2Fwp%2Fv2%2Ftags&post=43809"}],"curies":[{"name":"wp","href":"https:\/\/api.w.org\/{rel}","templated":true}]}}