{"id":43806,"date":"2025-07-22T14:35:51","date_gmt":"2025-07-22T11:35:51","guid":{"rendered":"https:\/\/www.egemtv.com\/?p=43806"},"modified":"2025-07-22T14:35:52","modified_gmt":"2025-07-22T11:35:52","slug":"torbalidaki-yangin-tamamen-sonduruldu","status":"publish","type":"post","link":"https:\/\/www.egemtv.com\/?p=43806","title":{"rendered":"Torbal\u0131\u2019daki yang\u0131n tamamen s\u00f6nd\u00fcr\u00fcld\u00fc"},"content":{"rendered":"<p>\u0130zmir\u2019in Torbal\u0131 il\u00e7esine ba\u011fl\u0131 Karaot Mahallesi\u2019nde otluk alanda \u00e7\u0131kan yang\u0131n tamamen s\u00f6nd\u00fcr\u00fcld\u00fc.<br \/>\n<br \/>Torbal\u0131 il\u00e7esine ba\u011fl\u0131 Karaot Mahallesi\u2019nde otluk alanda \u00e7\u0131kan yang\u0131n zeytinlik alanlara s\u0131\u00e7rad\u0131. R\u00fczgar\u0131n etkisiyle yang\u0131n k\u0131sa s\u00fcrede b\u00fcy\u00fcd\u00fc. Karaot ve Karak\u0131zlar Mahallesi s\u0131n\u0131rlar\u0131nda bulunan yakla\u015f\u0131k 100 d\u00f6n\u00fcml\u00fck zeytinlik alan, yang\u0131ndan zarar g\u00f6rd\u00fc. \u0130zmir B\u00fcy\u00fck\u015fehir Belediyesince mahallelere verile yang\u0131n tankerleriyle k\u00f6yl\u00fcler taraf\u0131ndan yang\u0131na ilk m\u00fcdahalede bulunulurken; karadan itfaiye ekipleri, havadan helikopter destekli s\u00f6nd\u00fcrme \u00e7al\u0131\u015fmalar\u0131 yakla\u015f\u0131k 3 saat s\u00fcrd\u00fc. Yang\u0131n tamamen s\u00f6nd\u00fcr\u00fcld\u00fc. Binden fazla zeytin a\u011fac\u0131 zarar g\u00f6rd\u00fc. Karak\u0131zlar Mahalle Muhtar\u0131 Niyazi Soyt\u00fcrk, &#8220;Karaot s\u0131n\u0131rlar\u0131 i\u00e7erisinde \u00e7\u0131kan yang\u0131n k\u0131sa s\u00fcrede b\u00fcy\u00fcd\u00fc. Yakla\u015f\u0131k 100 d\u00f6n\u00fcm alanda y\u00fczlerce zeytin a\u011fac\u0131 zarar g\u00f6rd\u00fc. \u00c7ok \u015f\u00fck\u00fcr yang\u0131n\u0131 ormana s\u0131\u00e7ramadan s\u00f6nd\u00fcrd\u00fck. T\u00fcm \u00e7ift\u00e7ilerimize ge\u00e7mi\u015f olsun&#8221; ifadelerini kulland\u0131.<br \/><\/p>\n","protected":false},"excerpt":{"rendered":"<p>\u0130zmir\u2019in Torbal\u0131 il\u00e7esine ba\u011fl\u0131 Karaot Mahallesi\u2019nde otluk alanda \u00e7\u0131kan yang\u0131n tamamen s\u00f6nd\u00fcr\u00fcld\u00fc. Torbal\u0131 il\u00e7esine ba\u011fl\u0131 Karaot Mahallesi\u2019nde otluk alanda \u00e7\u0131kan yang\u0131n zeytinlik alanlara s\u0131\u00e7rad\u0131. R\u00fczgar\u0131n etkisiyle yang\u0131n k\u0131sa s\u00fcrede b\u00fcy\u00fcd\u00fc. Karaot ve Karak\u0131zlar Mahallesi s\u0131n\u0131rlar\u0131nda bulunan yakla\u015f\u0131k 100 d\u00f6n\u00fcml\u00fck zeytinlik alan, yang\u0131ndan zarar g\u00f6rd\u00fc. \u0130zmir B\u00fcy\u00fck\u015fehir Belediyesince mahallelere verile yang\u0131n tankerleriyle k\u00f6yl\u00fcler taraf\u0131ndan yang\u0131na ilk&#8230;<\/p>\n","protected":false},"author":1,"featured_media":43807,"comment_status":"open","ping_status":"open","sticky":false,"template":"","format":"standard","meta":{"_crdt_document":"","footnotes":""},"categories":[5],"tags":[],"class_list":["post-43806","post","type-post","status-publish","format-standard","has-post-thumbnail","hentry","category-asayis"],"_links":{"self":[{"href":"https:\/\/www.egemtv.com\/index.php?rest_route=\/wp\/v2\/posts\/43806","targetHints":{"allow":["GET"]}}],"collection":[{"href":"https:\/\/www.egemtv.com\/index.php?rest_route=\/wp\/v2\/posts"}],"about":[{"href":"https:\/\/www.egemtv.com\/index.php?rest_route=\/wp\/v2\/types\/post"}],"author":[{"embeddable":true,"href":"https:\/\/www.egemtv.com\/index.php?rest_route=\/wp\/v2\/users\/1"}],"replies":[{"embeddable":true,"href":"https:\/\/www.egemtv.com\/index.php?rest_route=%2Fwp%2Fv2%2Fcomments&post=43806"}],"version-history":[{"count":1,"href":"https:\/\/www.egemtv.com\/index.php?rest_route=\/wp\/v2\/posts\/43806\/revisions"}],"predecessor-version":[{"id":43808,"href":"https:\/\/www.egemtv.com\/index.php?rest_route=\/wp\/v2\/posts\/43806\/revisions\/43808"}],"wp:featuredmedia":[{"embeddable":true,"href":"https:\/\/www.egemtv.com\/index.php?rest_route=\/wp\/v2\/media\/43807"}],"wp:attachment":[{"href":"https:\/\/www.egemtv.com\/index.php?rest_route=%2Fwp%2Fv2%2Fmedia&parent=43806"}],"wp:term":[{"taxonomy":"category","embeddable":true,"href":"https:\/\/www.egemtv.com\/index.php?rest_route=%2Fwp%2Fv2%2Fcategories&post=43806"},{"taxonomy":"post_tag","embeddable":true,"href":"https:\/\/www.egemtv.com\/index.php?rest_route=%2Fwp%2Fv2%2Ftags&post=43806"}],"curies":[{"name":"wp","href":"https:\/\/api.w.org\/{rel}","templated":true}]}}