{"id":43803,"date":"2025-07-22T14:35:50","date_gmt":"2025-07-22T11:35:50","guid":{"rendered":"https:\/\/www.egemtv.com\/?p=43803"},"modified":"2025-07-22T14:35:51","modified_gmt":"2025-07-22T11:35:51","slug":"aydinda-balkonda-sikisan-kumruyu-vatandasin-dikkati-kurtardi","status":"publish","type":"post","link":"https:\/\/www.egemtv.com\/?p=43803","title":{"rendered":"Ayd\u0131n\u2019da balkonda s\u0131k\u0131\u015fan kumruyu vatanda\u015f\u0131n dikkati kurtard\u0131"},"content":{"rendered":"<p>Ayd\u0131n\u2019\u0131n Efeler il\u00e7esinde bir evin balkonuna s\u0131k\u0131\u015fan kumru, duyarl\u0131 bir vatanda\u015f\u0131n dikkati sayesinde kurtar\u0131ld\u0131. Kumrunun kurtar\u0131lmas\u0131 i\u00e7in yo\u011fun \u00e7aba sarf eden itfaiye ekipleri ise yar\u0131m saatlik u\u011fra\u015f\u0131n ard\u0131ndan kumruyu s\u0131k\u0131\u015ft\u0131\u011f\u0131 yerden kurtard\u0131.<br \/>\n<br \/>Olay, Efeler il\u00e7esi Girne Mahallesi Ormanc\u0131 Caddesi \u00fczerinde meydana geldi. Edinilen bilgiye g\u00f6re evinin balkonunda kahvalt\u0131 yapan Yurdakul Ayd\u0131n kar\u015f\u0131 apartman\u0131n balkonuna 2 kumrunun geldi\u011fini fark etti. Bir s\u00fcre onlar\u0131 izleyen Ayd\u0131n, ku\u015flardan birinin Frans\u0131z tipi balkona d\u00fc\u015ft\u00fc\u011f\u00fcn\u00fc ve havalanamad\u0131\u011f\u0131n\u0131 g\u00f6rd\u00fc. Ev sahiplerine ula\u015famayan duyarl\u0131 vatanda\u015f, durumu 112 Acil \u00c7a\u011fr\u0131 Merkezi\u2019ne bildirdi. \u0130hbar \u00fczerine b\u00f6lgeye Ayd\u0131n B\u00fcy\u00fck\u015fehir Belediyesi itfaiye ve polis ekipleri sevk edildi. K\u0131sa s\u00fcrede olay yerine gelen itfaiye ekipleri, merdiven yard\u0131m\u0131yla balkona \u00e7\u0131kt\u0131. Yakla\u015f\u0131k yar\u0131m saatlik u\u011fra\u015f\u0131n ard\u0131ndan kumru kurtar\u0131larak a\u015fa\u011f\u0131ya indirildi. S\u0131cakta uzun s\u00fcre susuz kalan kumruya su i\u00e7iren ekipler, kumrunun kendine gelmesini bekledi. Bir s\u00fcre sonra kendine gelen kumru, u\u00e7arak bir ba\u015fka evin penceresine kondu. Kumru sa\u011fl\u0131kl\u0131 bir \u015fekilde yeniden u\u00e7maya ba\u015flarken, duyarl\u0131 vatanda\u015f Yurdakul Ayd\u0131n ise itfaiye ekiplerine te\u015fekk\u00fcr etti.<\/p>\n<p>&#8220;\u0130\u00e7im rahat etmedi&#8221;<br \/>\n<br \/>Kumrunun s\u0131cak dolay\u0131s\u0131yla susuz ve halsiz kald\u0131\u011f\u0131n\u0131 ifade eden Yurdakul Ayd\u0131n, kumrunun kurtar\u0131lmas\u0131 i\u00e7in itfaiyeyi arad\u0131\u011f\u0131n\u0131 s\u00f6yleyerek, &#8220;Ben o an balkonda kahvalt\u0131 yap\u0131yordum. \u0130ki tane ku\u015f geldi balkona. Di\u011feri u\u00e7up gitmi\u015f, di\u011feri de balkonun aras\u0131na d\u00fc\u015fm\u00fc\u015f. Oradan \u00e7\u0131kamad\u0131. Hayvana yaz\u0131k, kurtaray\u0131m dedim ve evin sahibi de evde yoktu. O y\u00fczden itfaiyeyi arad\u0131m. Kimi arayaca\u011f\u0131m\u0131 bilemedim. Ekiplere te\u015fekk\u00fcr ederim&#8221; \u015feklinde konu\u015ftu.<br \/><\/p>\n","protected":false},"excerpt":{"rendered":"<p>Ayd\u0131n\u2019\u0131n Efeler il\u00e7esinde bir evin balkonuna s\u0131k\u0131\u015fan kumru, duyarl\u0131 bir vatanda\u015f\u0131n dikkati sayesinde kurtar\u0131ld\u0131. Kumrunun kurtar\u0131lmas\u0131 i\u00e7in yo\u011fun \u00e7aba sarf eden itfaiye ekipleri ise yar\u0131m saatlik u\u011fra\u015f\u0131n ard\u0131ndan kumruyu s\u0131k\u0131\u015ft\u0131\u011f\u0131 yerden kurtard\u0131. Olay, Efeler il\u00e7esi Girne Mahallesi Ormanc\u0131 Caddesi \u00fczerinde meydana geldi. Edinilen bilgiye g\u00f6re evinin balkonunda kahvalt\u0131 yapan Yurdakul Ayd\u0131n kar\u015f\u0131 apartman\u0131n balkonuna 2&#8230;<\/p>\n","protected":false},"author":1,"featured_media":43804,"comment_status":"open","ping_status":"open","sticky":false,"template":"","format":"standard","meta":{"_crdt_document":"","footnotes":""},"categories":[5],"tags":[],"class_list":["post-43803","post","type-post","status-publish","format-standard","has-post-thumbnail","hentry","category-asayis"],"_links":{"self":[{"href":"https:\/\/www.egemtv.com\/index.php?rest_route=\/wp\/v2\/posts\/43803","targetHints":{"allow":["GET"]}}],"collection":[{"href":"https:\/\/www.egemtv.com\/index.php?rest_route=\/wp\/v2\/posts"}],"about":[{"href":"https:\/\/www.egemtv.com\/index.php?rest_route=\/wp\/v2\/types\/post"}],"author":[{"embeddable":true,"href":"https:\/\/www.egemtv.com\/index.php?rest_route=\/wp\/v2\/users\/1"}],"replies":[{"embeddable":true,"href":"https:\/\/www.egemtv.com\/index.php?rest_route=%2Fwp%2Fv2%2Fcomments&post=43803"}],"version-history":[{"count":1,"href":"https:\/\/www.egemtv.com\/index.php?rest_route=\/wp\/v2\/posts\/43803\/revisions"}],"predecessor-version":[{"id":43805,"href":"https:\/\/www.egemtv.com\/index.php?rest_route=\/wp\/v2\/posts\/43803\/revisions\/43805"}],"wp:featuredmedia":[{"embeddable":true,"href":"https:\/\/www.egemtv.com\/index.php?rest_route=\/wp\/v2\/media\/43804"}],"wp:attachment":[{"href":"https:\/\/www.egemtv.com\/index.php?rest_route=%2Fwp%2Fv2%2Fmedia&parent=43803"}],"wp:term":[{"taxonomy":"category","embeddable":true,"href":"https:\/\/www.egemtv.com\/index.php?rest_route=%2Fwp%2Fv2%2Fcategories&post=43803"},{"taxonomy":"post_tag","embeddable":true,"href":"https:\/\/www.egemtv.com\/index.php?rest_route=%2Fwp%2Fv2%2Ftags&post=43803"}],"curies":[{"name":"wp","href":"https:\/\/api.w.org\/{rel}","templated":true}]}}