{"id":43797,"date":"2025-07-22T14:15:41","date_gmt":"2025-07-22T11:15:41","guid":{"rendered":"https:\/\/www.egemtv.com\/?p=43797"},"modified":"2025-07-22T14:15:42","modified_gmt":"2025-07-22T11:15:42","slug":"aydinli-minik-okcular-turkiye-finallerinde-gururlandirdi","status":"publish","type":"post","link":"https:\/\/www.egemtv.com\/?p=43797","title":{"rendered":"Ayd\u0131nl\u0131 minik ok\u00e7ular T\u00fcrkiye finallerinde gururland\u0131rd\u0131"},"content":{"rendered":"<p>K\u00fctahya\u2019da ger\u00e7ekle\u015ftirilen Geleneksel T\u00fcrk Ok\u00e7ulu\u011fu Minikler ve Y\u0131ld\u0131zlar T\u00fcrkiye Finalleri\u2019nde Ayd\u0131n\u2019\u0131 temsil eden minik ok\u00e7ular, T\u00fcrkiye birincisi oldu.<\/p>\n<p>Geleneksel T\u00fcrk Ok\u00e7ulu\u011fu Minikler ve Y\u0131ld\u0131zlar T\u00fcrkiye Finalleri, K\u00fctahya\u2019n\u0131n ev sahipli\u011finde ger\u00e7ekle\u015ftirildi. \u015eampiyona T\u00fcrkiye\u2019nin d\u00f6rt bir yan\u0131ndan gelen sporcular\u0131n k\u0131yas\u0131ya m\u00fccadelesine sahne olurken, final heyecan\u0131nda Ayd\u0131n\u2019\u0131 temsil eden minik sporcular, \u00f6nemli dereceler elde ederek Ayd\u0131nl\u0131lar\u0131 gururland\u0131rd\u0131. Toplamda 2 bin 300 sporcunun kat\u0131l\u0131m\u0131yla ger\u00e7ekle\u015ftirilen final m\u00fcsabakalar\u0131nda Ayd\u0131nl\u0131 sporculardan Zeren Sena Uslu, Minik K\u0131zlar 9-11 Ya\u015f kategorisinde T\u00fcrkiye birincisi olarak k\u00fcrs\u00fcn\u00fcn zirvesine \u00e7\u0131kt\u0131. Ayn\u0131 ya\u015f grubundaki Minik Erkekler kategorisinde yar\u0131\u015fan Ramazan Efe Akta\u015f ise T\u00fcrkiye \u00fc\u00e7\u00fcnc\u00fcs\u00fc olmay\u0131 ba\u015fard\u0131. Enes Baha Orhan da ayn\u0131 kategoride T\u00fcrkiye alt\u0131nc\u0131s\u0131 olarak ba\u015far\u0131l\u0131 performans\u0131yla dikkat \u00e7ekti.<\/p>\n<p>Konu ile ilgili Ayd\u0131n Gen\u00e7lik ve Spor \u0130l M\u00fcd\u00fcrl\u00fc\u011f\u00fc\u2019nden yap\u0131lan a\u00e7\u0131klamada &#8220;T\u00fcrkiye finallerinde ilimizi en iyi \u015fekilde temsil eden t\u00fcm sporcular\u0131m\u0131z\u0131, ailelerini ve emek veren antren\u00f6rlerimizi g\u00f6n\u00fclden tebrik ediyor, ba\u015far\u0131lar\u0131n\u0131n artarak devam etmesini diliyoruz&#8221; ifadeleri yer ald\u0131.<br \/><\/p>\n","protected":false},"excerpt":{"rendered":"<p>K\u00fctahya\u2019da ger\u00e7ekle\u015ftirilen Geleneksel T\u00fcrk Ok\u00e7ulu\u011fu Minikler ve Y\u0131ld\u0131zlar T\u00fcrkiye Finalleri\u2019nde Ayd\u0131n\u2019\u0131 temsil eden minik ok\u00e7ular, T\u00fcrkiye birincisi oldu. Geleneksel T\u00fcrk Ok\u00e7ulu\u011fu Minikler ve Y\u0131ld\u0131zlar T\u00fcrkiye Finalleri, K\u00fctahya\u2019n\u0131n ev sahipli\u011finde ger\u00e7ekle\u015ftirildi. \u015eampiyona T\u00fcrkiye\u2019nin d\u00f6rt bir yan\u0131ndan gelen sporcular\u0131n k\u0131yas\u0131ya m\u00fccadelesine sahne olurken, final heyecan\u0131nda Ayd\u0131n\u2019\u0131 temsil eden minik sporcular, \u00f6nemli dereceler elde ederek Ayd\u0131nl\u0131lar\u0131 gururland\u0131rd\u0131. Toplamda&#8230;<\/p>\n","protected":false},"author":1,"featured_media":43798,"comment_status":"open","ping_status":"open","sticky":false,"template":"","format":"standard","meta":{"_crdt_document":"","footnotes":""},"categories":[4],"tags":[],"class_list":["post-43797","post","type-post","status-publish","format-standard","has-post-thumbnail","hentry","category-spor"],"_links":{"self":[{"href":"https:\/\/www.egemtv.com\/index.php?rest_route=\/wp\/v2\/posts\/43797","targetHints":{"allow":["GET"]}}],"collection":[{"href":"https:\/\/www.egemtv.com\/index.php?rest_route=\/wp\/v2\/posts"}],"about":[{"href":"https:\/\/www.egemtv.com\/index.php?rest_route=\/wp\/v2\/types\/post"}],"author":[{"embeddable":true,"href":"https:\/\/www.egemtv.com\/index.php?rest_route=\/wp\/v2\/users\/1"}],"replies":[{"embeddable":true,"href":"https:\/\/www.egemtv.com\/index.php?rest_route=%2Fwp%2Fv2%2Fcomments&post=43797"}],"version-history":[{"count":1,"href":"https:\/\/www.egemtv.com\/index.php?rest_route=\/wp\/v2\/posts\/43797\/revisions"}],"predecessor-version":[{"id":43799,"href":"https:\/\/www.egemtv.com\/index.php?rest_route=\/wp\/v2\/posts\/43797\/revisions\/43799"}],"wp:featuredmedia":[{"embeddable":true,"href":"https:\/\/www.egemtv.com\/index.php?rest_route=\/wp\/v2\/media\/43798"}],"wp:attachment":[{"href":"https:\/\/www.egemtv.com\/index.php?rest_route=%2Fwp%2Fv2%2Fmedia&parent=43797"}],"wp:term":[{"taxonomy":"category","embeddable":true,"href":"https:\/\/www.egemtv.com\/index.php?rest_route=%2Fwp%2Fv2%2Fcategories&post=43797"},{"taxonomy":"post_tag","embeddable":true,"href":"https:\/\/www.egemtv.com\/index.php?rest_route=%2Fwp%2Fv2%2Ftags&post=43797"}],"curies":[{"name":"wp","href":"https:\/\/api.w.org\/{rel}","templated":true}]}}