{"id":43794,"date":"2025-07-22T14:15:40","date_gmt":"2025-07-22T11:15:40","guid":{"rendered":"https:\/\/www.egemtv.com\/?p=43794"},"modified":"2025-07-22T14:15:41","modified_gmt":"2025-07-22T11:15:41","slug":"izmirde-bosa-akan-su-domuzlara-park-oldu","status":"publish","type":"post","link":"https:\/\/www.egemtv.com\/?p=43794","title":{"rendered":"\u0130zmir\u2019de bo\u015fa akan su, domuzlara park oldu"},"content":{"rendered":"<p>\u0130zmir\u2019de caddelerde meydana gelen su ar\u0131zalar\u0131n\u0131n uzun s\u00fcre giderilememesi nedeniyle, yaban domuzlar\u0131 sulak alanlara inerek serinlemeye \u00e7al\u0131\u015ft\u0131. Sosyal medyada payla\u015f\u0131lan o g\u00f6r\u00fcnt\u00fclere gelen tepkiler \u00fczerine harekete ge\u00e7en \u0130ZSU ekipleri, ar\u0131zaya m\u00fcdahale ederek gerekli onar\u0131m\u0131 ger\u00e7ekle\u015ftirdi.<br \/>\n<br \/>\u0130zmir\u2019in Bal\u00e7ova il\u00e7esine ba\u011fl\u0131 Asmaalt\u0131 Sokak\u2019ta yakla\u015f\u0131k bir ay \u00f6nce \u015febeke hatt\u0131nda ar\u0131za meydana geldi. \u0130ddiaya g\u00f6re, \u0130zmir Su ve Kanalizasyon \u0130daresi (\u0130ZSU) ekipleri ar\u0131za ihbar\u0131 \u00fczerine b\u00f6lgeye gelerek kaz\u0131 \u00e7al\u0131\u015fmas\u0131 yapt\u0131 ve ar\u0131zay\u0131 tespit etti. Ancak ekipler, ar\u0131zay\u0131 tamir etmeden ve bozduklar\u0131 yolu onarmadan b\u00f6lgeden ayr\u0131ld\u0131. Aradan ge\u00e7en bir ayl\u0131k s\u00fcrede kaz\u0131 nedeniyle olu\u015fan su birikintisi \u00f6nce ar\u0131lar\u0131n, ard\u0131ndan ise \u00e7evredeki ormanl\u0131k alanda ya\u015fayan yaban domuzlar\u0131n\u0131n ilgisini \u00e7ekti. Serinlemek i\u00e7in sulak alana gelen domuzlar, mahalle sakinleri taraf\u0131ndan cep telefonuyla g\u00f6r\u00fcnt\u00fclenip sosyal medyada payla\u015f\u0131ld\u0131. Sosyal medyada olu\u015fan tepki \u00fczerine harekete ge\u00e7en \u0130ZSU ekipleri, daha \u00f6nce tamamlamad\u0131klar\u0131 \u00e7al\u0131\u015fmalar\u0131 tekrar ba\u015flatarak su ar\u0131zas\u0131n\u0131 giderdi ve kaz\u0131lan alan\u0131 onard\u0131. Mahalle sakinleri, ar\u0131zan\u0131n giderilmesinden memnun olduklar\u0131n\u0131 belirtirken, \u0130zmir\u2019de ya\u015fanan su kesintileri ve kurakl\u0131k nedeniyle bu t\u00fcr ar\u0131zalar\u0131n zaman kaybetmeden onar\u0131lmas\u0131 gerekti\u011fini vurgulad\u0131.<\/p>\n<p>\u0130zmir\u2019in suyu azald\u0131<br \/>\n<br \/>Su ar\u0131zas\u0131n\u0131n uzun s\u00fcre giderilmemesinden dolay\u0131 ma\u011fduriyet \u00e7ekti\u011fini dile getiren mahalle sakini Hafize \u00c7etintepe, &#8220;Bir aydan beri hemen hemen orada bir su patla\u011f\u0131 var. Ar\u0131lar geliyordu, bir s\u00fcr\u00fc pislik oluyordu, \u00e7ok k\u00f6t\u00fcyd\u00fc. Mahalle sakiniyiz, tabii ki rahats\u0131z oluyorduk. Kom\u015fular\u0131m\u0131z, yani buradaki mahalle sakinleri domuzlar\u0131 \u00e7ekmi\u015f \u00e7\u00fcnk\u00fc her ak\u015fam buradalar zaten. Daha sonra domuzlar\u0131n suda serinledi\u011fi g\u00f6r\u00fcnt\u00fcler internet ortam\u0131na da d\u00fc\u015fm\u00fc\u015f. Ekiplerde tepkiler \u00fczerine harekete ge\u00e7ip bug\u00fcn tamir ettiler. Ayr\u0131ca a\u015fa\u011f\u0131 sokak mahallelerde, Onur Mahallesi, \u00c7etin Eme\u00e7 Mahallesi gibi yerlerde \u00e7ok s\u0131k su kesintisi ya\u015fan\u0131yor. Bu y\u00fczden s\u00fcrekli yol \u00e7al\u0131\u015fmalar\u0131 yap\u0131l\u0131yor. Bir yandan da susuzluk var tabii ki. Barajlar\u0131m\u0131z bo\u015f oldu\u011fu i\u00e7in biz bile suyu idareli kullan\u0131yoruz. Her yerde ayn\u0131 durum s\u00f6z konusu. Bu patlaklara daha h\u0131zl\u0131 m\u00fcdahale edilirse daha iyi olur. K\u00fcresel \u0131s\u0131nma ve kurakl\u0131kla birlikte barajlar\u0131m\u0131z\u0131n bo\u015f olmas\u0131, sular\u0131n bo\u015fa gitmesi bizleri, halk olarak, \u00e7ok \u00fcz\u00fcyor. Bu nedenle, bir an evvel su ka\u00e7a\u011f\u0131 olan yerlerde, ister k\u00fc\u00e7\u00fck bir yol ister borularda bir patlak olsun, hemen m\u00fcdahale edilmesi \u00e7ok daha iyi olur&#8221; dedi.<\/p>\n<p>Mahalleli ile domuzlar i\u00e7 i\u00e7e<br \/>\n<br \/>Mahalle sakinleri olarak yaban domuzlar\u0131n\u0131 al\u0131\u015fk\u0131n olduklar\u0131 belirten Mete K\u00fc\u00e7\u00fckhac\u0131, &#8220;Yakla\u015f\u0131k bir iki haftad\u0131r su s\u0131k\u0131nt\u0131m\u0131z vard\u0131. Asl\u0131nda herhangi bir mahallede genel bir s\u0131k\u0131nt\u0131 yoktu ama yolda ar\u0131lar ve domuzlar gelip su i\u00e7iyordu. Bu durum mikrop a\u00e7\u0131s\u0131ndan biraz s\u0131k\u0131nt\u0131l\u0131 olabilir. Bu nedenle \u015fikayette bulunmu\u015ftuk, gelip yap\u0131lmas\u0131 ad\u0131na. B\u00fcy\u00fck\u015fehir Belediyemiz bug\u00fcn geldi ve halletti. \u015eu an s\u0131k\u0131nt\u0131 \u00e7\u00f6z\u00fcld\u00fc diye umut ediyoruz. Bu b\u00f6lgede domuzlar \u00e7ok fazla. Sald\u0131rgan de\u011filler \u00e7\u00fcnk\u00fc mahalle sakinleri genelde her zaman \u00e7\u00f6p\u00fcn kenar\u0131na yemek b\u0131rak\u0131yor. Zaten ak\u015fam saat 6-7 oldu\u011funda a\u015fa\u011f\u0131ya inip yemek yiyorlar. Bu nedenle burada domuzlarla birlikte ya\u015f\u0131yoruz diyebiliriz. Muhtemelen domuzlar bir daha gelir. \u00c7\u00fcnk\u00fc sadece su i\u00e7mek i\u00e7in de\u011fil, yemek i\u00e7in de geliyorlar. Ekmek ya da yemek art\u0131klar\u0131 \u00e7\u00f6p\u00fcn kenar\u0131na b\u0131rak\u0131ld\u0131\u011f\u0131 i\u00e7in bol bol domuz g\u00f6rmeye devam ederiz&#8221; ifadeleri kulland\u0131.<br \/><\/p>\n","protected":false},"excerpt":{"rendered":"<p>\u0130zmir\u2019de caddelerde meydana gelen su ar\u0131zalar\u0131n\u0131n uzun s\u00fcre giderilememesi nedeniyle, yaban domuzlar\u0131 sulak alanlara inerek serinlemeye \u00e7al\u0131\u015ft\u0131. Sosyal medyada payla\u015f\u0131lan o g\u00f6r\u00fcnt\u00fclere gelen tepkiler \u00fczerine harekete ge\u00e7en \u0130ZSU ekipleri, ar\u0131zaya m\u00fcdahale ederek gerekli onar\u0131m\u0131 ger\u00e7ekle\u015ftirdi. \u0130zmir\u2019in Bal\u00e7ova il\u00e7esine ba\u011fl\u0131 Asmaalt\u0131 Sokak\u2019ta yakla\u015f\u0131k bir ay \u00f6nce \u015febeke hatt\u0131nda ar\u0131za meydana geldi. \u0130ddiaya g\u00f6re, \u0130zmir Su ve&#8230;<\/p>\n","protected":false},"author":1,"featured_media":43795,"comment_status":"open","ping_status":"open","sticky":false,"template":"","format":"standard","meta":{"_crdt_document":"","footnotes":""},"categories":[1],"tags":[],"class_list":["post-43794","post","type-post","status-publish","format-standard","has-post-thumbnail","hentry","category-guncel"],"_links":{"self":[{"href":"https:\/\/www.egemtv.com\/index.php?rest_route=\/wp\/v2\/posts\/43794","targetHints":{"allow":["GET"]}}],"collection":[{"href":"https:\/\/www.egemtv.com\/index.php?rest_route=\/wp\/v2\/posts"}],"about":[{"href":"https:\/\/www.egemtv.com\/index.php?rest_route=\/wp\/v2\/types\/post"}],"author":[{"embeddable":true,"href":"https:\/\/www.egemtv.com\/index.php?rest_route=\/wp\/v2\/users\/1"}],"replies":[{"embeddable":true,"href":"https:\/\/www.egemtv.com\/index.php?rest_route=%2Fwp%2Fv2%2Fcomments&post=43794"}],"version-history":[{"count":1,"href":"https:\/\/www.egemtv.com\/index.php?rest_route=\/wp\/v2\/posts\/43794\/revisions"}],"predecessor-version":[{"id":43796,"href":"https:\/\/www.egemtv.com\/index.php?rest_route=\/wp\/v2\/posts\/43794\/revisions\/43796"}],"wp:featuredmedia":[{"embeddable":true,"href":"https:\/\/www.egemtv.com\/index.php?rest_route=\/wp\/v2\/media\/43795"}],"wp:attachment":[{"href":"https:\/\/www.egemtv.com\/index.php?rest_route=%2Fwp%2Fv2%2Fmedia&parent=43794"}],"wp:term":[{"taxonomy":"category","embeddable":true,"href":"https:\/\/www.egemtv.com\/index.php?rest_route=%2Fwp%2Fv2%2Fcategories&post=43794"},{"taxonomy":"post_tag","embeddable":true,"href":"https:\/\/www.egemtv.com\/index.php?rest_route=%2Fwp%2Fv2%2Ftags&post=43794"}],"curies":[{"name":"wp","href":"https:\/\/api.w.org\/{rel}","templated":true}]}}