{"id":43788,"date":"2025-07-22T13:55:33","date_gmt":"2025-07-22T10:55:33","guid":{"rendered":"https:\/\/www.egemtv.com\/?p=43788"},"modified":"2025-07-22T13:55:34","modified_gmt":"2025-07-22T10:55:34","slug":"tire-2021-fkdan-savunmaya-takviye","status":"publish","type":"post","link":"https:\/\/www.egemtv.com\/?p=43788","title":{"rendered":"Tire 2021 FK\u2019dan savunmaya takviye"},"content":{"rendered":"<p>Tire 2021 FK, 33 ya\u015f\u0131ndaki savunma oyuncusu Onur \u015eirin\u2019i kadrosuna katt\u0131\u011f\u0131n\u0131 duyurdu.<br \/>\n<br \/>TFF 3. Lig 4. Grup ekiplerinden Tire 2021 FK, yeni sezon \u00f6ncesinde \u00e7al\u0131\u015fmalar\u0131na devam ediyor. Kadrosunu g\u00fc\u00e7lendirmek i\u00e7in harekete ge\u00e7en \u0130zmir ekibi, ge\u00e7ti\u011fimiz g\u00fcnlerde Emin Can Uysal, Sedat Yah\u015fi, Sercan Uslu, Do\u011fukan \u00c7\u0131nar, \u00dcmit Kurt ve Zeki Furkan Kayal\u0131 takviyelerini ger\u00e7ekle\u015ftirdi. Transferlere devam eden Tire 2021 FK, bir hamle daha yaparak 33 ya\u015f\u0131ndaki savunmac\u0131 Onur \u015eirin\u2019i kadrosuna katt\u0131\u011f\u0131n\u0131 duyurdu. Konuyla ilgili kul\u00fcpten yap\u0131lan a\u00e7\u0131klamada, &#8220;Tecr\u00fcbeli stoper Onur \u015eirin, Tiremizin savunmas\u0131na g\u00fc\u00e7 katmak i\u00e7in aram\u0131za kat\u0131ld\u0131. 33 ya\u015f\u0131ndaki futbolcu; Batman Petrolspor, Erbaaspor, Tarsus \u0130dman Yurdu, D\u00fczcespor, K\u00fctahyaspor, Amasyaspor ve son olarak Maz\u0131da\u011f\u0131 Fosfat tak\u0131mlar\u0131nda forma giydi. Onur \u015eirin\u2019e ho\u015f geldin diyor, sar\u0131 k\u0131rm\u0131z\u0131 formam\u0131zla ba\u015far\u0131lar diliyoruz&#8221; ifadelerine yer verildi.<br \/><\/p>\n","protected":false},"excerpt":{"rendered":"<p>Tire 2021 FK, 33 ya\u015f\u0131ndaki savunma oyuncusu Onur \u015eirin\u2019i kadrosuna katt\u0131\u011f\u0131n\u0131 duyurdu. TFF 3. Lig 4. Grup ekiplerinden Tire 2021 FK, yeni sezon \u00f6ncesinde \u00e7al\u0131\u015fmalar\u0131na devam ediyor. Kadrosunu g\u00fc\u00e7lendirmek i\u00e7in harekete ge\u00e7en \u0130zmir ekibi, ge\u00e7ti\u011fimiz g\u00fcnlerde Emin Can Uysal, Sedat Yah\u015fi, Sercan Uslu, Do\u011fukan \u00c7\u0131nar, \u00dcmit Kurt ve Zeki Furkan Kayal\u0131 takviyelerini ger\u00e7ekle\u015ftirdi. Transferlere devam&#8230;<\/p>\n","protected":false},"author":1,"featured_media":43789,"comment_status":"open","ping_status":"open","sticky":false,"template":"","format":"standard","meta":{"_crdt_document":"","footnotes":""},"categories":[4],"tags":[],"class_list":["post-43788","post","type-post","status-publish","format-standard","has-post-thumbnail","hentry","category-spor"],"_links":{"self":[{"href":"https:\/\/www.egemtv.com\/index.php?rest_route=\/wp\/v2\/posts\/43788","targetHints":{"allow":["GET"]}}],"collection":[{"href":"https:\/\/www.egemtv.com\/index.php?rest_route=\/wp\/v2\/posts"}],"about":[{"href":"https:\/\/www.egemtv.com\/index.php?rest_route=\/wp\/v2\/types\/post"}],"author":[{"embeddable":true,"href":"https:\/\/www.egemtv.com\/index.php?rest_route=\/wp\/v2\/users\/1"}],"replies":[{"embeddable":true,"href":"https:\/\/www.egemtv.com\/index.php?rest_route=%2Fwp%2Fv2%2Fcomments&post=43788"}],"version-history":[{"count":1,"href":"https:\/\/www.egemtv.com\/index.php?rest_route=\/wp\/v2\/posts\/43788\/revisions"}],"predecessor-version":[{"id":43790,"href":"https:\/\/www.egemtv.com\/index.php?rest_route=\/wp\/v2\/posts\/43788\/revisions\/43790"}],"wp:featuredmedia":[{"embeddable":true,"href":"https:\/\/www.egemtv.com\/index.php?rest_route=\/wp\/v2\/media\/43789"}],"wp:attachment":[{"href":"https:\/\/www.egemtv.com\/index.php?rest_route=%2Fwp%2Fv2%2Fmedia&parent=43788"}],"wp:term":[{"taxonomy":"category","embeddable":true,"href":"https:\/\/www.egemtv.com\/index.php?rest_route=%2Fwp%2Fv2%2Fcategories&post=43788"},{"taxonomy":"post_tag","embeddable":true,"href":"https:\/\/www.egemtv.com\/index.php?rest_route=%2Fwp%2Fv2%2Ftags&post=43788"}],"curies":[{"name":"wp","href":"https:\/\/api.w.org\/{rel}","templated":true}]}}