{"id":43785,"date":"2025-07-22T13:14:57","date_gmt":"2025-07-22T10:14:57","guid":{"rendered":"https:\/\/www.egemtv.com\/?p=43785"},"modified":"2025-07-22T13:14:57","modified_gmt":"2025-07-22T10:14:57","slug":"fethiyede-trafik-kazasi-2-olu-1-yarali","status":"publish","type":"post","link":"https:\/\/www.egemtv.com\/?p=43785","title":{"rendered":"Fethiye\u2019de trafik kazas\u0131: 2 \u00f6l\u00fc, 1 yaral\u0131"},"content":{"rendered":"<p>Mu\u011fla\u2019n\u0131n Fethiye il\u00e7esinde meydana gelen tek tarafl\u0131 trafik kazas\u0131nda 1\u2019i \u00e7ocuk 2 ki\u015fi \u00f6ld\u00fc, 1 ki\u015fi ise yaraland\u0131.<br \/>\n<br \/>Kaza Karagedik Mahallesi, Osman Kaya Bulvar\u0131\u2019nda meydana geldi. Edinilen bilgiye g\u00f6re, N.G.E.\u2019nin idaresindeki 48 ARM 144 plakal\u0131 Peugeot otomobil yoldan \u00e7\u0131k\u0131p, takla atarak sazl\u0131k alana u\u00e7tu. Kazay\u0131 g\u00f6renler durumu 112 Acil \u00c7a\u011fr\u0131 Merkezi\u2019ne bildirilmesi \u00fczerine olay yerine \u00e7ok say\u0131da ambulans, itfaiye ve polis ekibi sevk edildi. Kazada ara\u00e7 i\u00e7inde s\u0131k\u0131\u015fan yaral\u0131lar, Mu\u011fla B\u00fcy\u00fck\u015fehir Belediyesi Fethiye \u0130tfaiye Grup Amirli\u011fi ekiplerinin \u00e7al\u0131\u015fmas\u0131yla g\u00fc\u00e7l\u00fckle \u00e7\u0131kar\u0131larak sa\u011fl\u0131k ekiplerine teslim edildi. Sa\u011fl\u0131k ekipleri kaza yerinde yapt\u0131\u011f\u0131 incelemede D\u00f6nd\u00fc E\u011fri\u2019nin hayat\u0131n\u0131 kaybetti\u011fini belirledi. Kazada, a\u011f\u0131r yaralanan \u00e7ocuk Erdem Mustafa E\u011fri ise kald\u0131r\u0131ld\u0131\u011f\u0131 hastanede hayat\u0131n\u0131 kaybetti. Yaralanan s\u00fcr\u00fcc\u00fcn\u00fcn ise tedavisinin devam etti\u011fi \u00f6\u011frenildi.<br \/>\n<br \/>Kazayla ilgili soru\u015fturma devam ediyor.<br \/><\/p>\n","protected":false},"excerpt":{"rendered":"<p>Mu\u011fla\u2019n\u0131n Fethiye il\u00e7esinde meydana gelen tek tarafl\u0131 trafik kazas\u0131nda 1\u2019i \u00e7ocuk 2 ki\u015fi \u00f6ld\u00fc, 1 ki\u015fi ise yaraland\u0131. Kaza Karagedik Mahallesi, Osman Kaya Bulvar\u0131\u2019nda meydana geldi. Edinilen bilgiye g\u00f6re, N.G.E.\u2019nin idaresindeki 48 ARM 144 plakal\u0131 Peugeot otomobil yoldan \u00e7\u0131k\u0131p, takla atarak sazl\u0131k alana u\u00e7tu. Kazay\u0131 g\u00f6renler durumu 112 Acil \u00c7a\u011fr\u0131 Merkezi\u2019ne bildirilmesi \u00fczerine olay yerine&#8230;<\/p>\n","protected":false},"author":1,"featured_media":43786,"comment_status":"open","ping_status":"open","sticky":false,"template":"","format":"standard","meta":{"_crdt_document":"","footnotes":""},"categories":[5],"tags":[],"class_list":["post-43785","post","type-post","status-publish","format-standard","has-post-thumbnail","hentry","category-asayis"],"_links":{"self":[{"href":"https:\/\/www.egemtv.com\/index.php?rest_route=\/wp\/v2\/posts\/43785","targetHints":{"allow":["GET"]}}],"collection":[{"href":"https:\/\/www.egemtv.com\/index.php?rest_route=\/wp\/v2\/posts"}],"about":[{"href":"https:\/\/www.egemtv.com\/index.php?rest_route=\/wp\/v2\/types\/post"}],"author":[{"embeddable":true,"href":"https:\/\/www.egemtv.com\/index.php?rest_route=\/wp\/v2\/users\/1"}],"replies":[{"embeddable":true,"href":"https:\/\/www.egemtv.com\/index.php?rest_route=%2Fwp%2Fv2%2Fcomments&post=43785"}],"version-history":[{"count":1,"href":"https:\/\/www.egemtv.com\/index.php?rest_route=\/wp\/v2\/posts\/43785\/revisions"}],"predecessor-version":[{"id":43787,"href":"https:\/\/www.egemtv.com\/index.php?rest_route=\/wp\/v2\/posts\/43785\/revisions\/43787"}],"wp:featuredmedia":[{"embeddable":true,"href":"https:\/\/www.egemtv.com\/index.php?rest_route=\/wp\/v2\/media\/43786"}],"wp:attachment":[{"href":"https:\/\/www.egemtv.com\/index.php?rest_route=%2Fwp%2Fv2%2Fmedia&parent=43785"}],"wp:term":[{"taxonomy":"category","embeddable":true,"href":"https:\/\/www.egemtv.com\/index.php?rest_route=%2Fwp%2Fv2%2Fcategories&post=43785"},{"taxonomy":"post_tag","embeddable":true,"href":"https:\/\/www.egemtv.com\/index.php?rest_route=%2Fwp%2Fv2%2Ftags&post=43785"}],"curies":[{"name":"wp","href":"https:\/\/api.w.org\/{rel}","templated":true}]}}