{"id":43782,"date":"2025-07-22T12:55:57","date_gmt":"2025-07-22T09:55:57","guid":{"rendered":"https:\/\/www.egemtv.com\/?p=43782"},"modified":"2025-07-22T12:55:58","modified_gmt":"2025-07-22T09:55:58","slug":"aydinda-cocuklar-serinlige-doydu","status":"publish","type":"post","link":"https:\/\/www.egemtv.com\/?p=43782","title":{"rendered":"Ayd\u0131n\u2019da \u00e7ocuklar serinli\u011fe doydu"},"content":{"rendered":"<p>Ayd\u0131n B\u00fcy\u00fck\u015fehir Belediye Ba\u015fkan\u0131 \u00d6zlem \u00c7er\u00e7io\u011flu\u2019nun kente kazand\u0131rd\u0131\u011f\u0131 Ayd\u0131n Tekstil Park, yaz aylar\u0131nda da Ayd\u0131nl\u0131lar\u0131n u\u011frak noktas\u0131 olmay\u0131 s\u00fcrd\u00fcr\u00fcyor.<br \/>\n<br \/>Park\u0131n i\u00e7inde yer alan aquapark, s\u0131cak havalarda serinlemek isteyen \u00e7ocuklar i\u00e7in e\u011flencenin adresi haline geldi.<br \/>\n<br \/>Kayd\u0131raklardan akan suyun co\u015fkusuyla ne\u015feye kap\u0131lan \u00e7ocuklar, su oyun alanlar\u0131nda g\u00f6n\u00fcllerince e\u011flenirken; veliler de park\u0131n g\u00f6lgelikli alanlar\u0131nda dinlenmenin keyfini \u00e7\u0131kar\u0131yor. Do\u011fayla i\u00e7 i\u00e7e atmosferi, yemye\u015fil peyzaj\u0131 ve geni\u015f y\u00fcr\u00fcy\u00fc\u015f yollar\u0131yla Tekstil Park, yaln\u0131zca bir park de\u011fil; Ayd\u0131nl\u0131lar i\u00e7in d\u00f6rt mevsim ya\u015fam alan\u0131 sunuyor.<br \/>\n<br \/>Ba\u015fkan \u00c7er\u00e7io\u011flu, Tekstil Park\u2019\u0131n her ya\u015f grubuna hitap eden bir cazibe merkezi oldu\u011funu belirtti ve &#8220;\u00c7ocuklar\u0131m\u0131z\u0131n g\u00fcvenli ve mutlu zaman ge\u00e7irmesi bizim i\u00e7in \u00e7ok \u00f6nemli. Ailelerimiz g\u00f6n\u00fcl rahatl\u0131\u011f\u0131yla buraya gelip hem dinleniyor hem de \u00e7ocuklar\u0131n\u0131n mutlulu\u011funu izliyor. Her ya\u015ftan vatanda\u015f\u0131m\u0131za y\u00f6nelik \u00e7al\u0131\u015fmalar\u0131m\u0131z, projelerimiz ve yat\u0131r\u0131mlar\u0131m\u0131z devam edecek&#8221; dedi.<br \/>\n<br \/>Yaz\u0131n s\u0131ca\u011f\u0131nda e\u011flenceyle serinleyen \u00e7ocuklar ve bu hizmetten memnun kalan aileler, Ba\u015fkan \u00c7er\u00e7io\u011flu\u2019na te\u015fekk\u00fcr ederek park\u0131n Ayd\u0131n\u2019a kazand\u0131r\u0131lmas\u0131ndan duyduklar\u0131 memnuniyeti dile getirdi.<br \/><\/p>\n","protected":false},"excerpt":{"rendered":"<p>Ayd\u0131n B\u00fcy\u00fck\u015fehir Belediye Ba\u015fkan\u0131 \u00d6zlem \u00c7er\u00e7io\u011flu\u2019nun kente kazand\u0131rd\u0131\u011f\u0131 Ayd\u0131n Tekstil Park, yaz aylar\u0131nda da Ayd\u0131nl\u0131lar\u0131n u\u011frak noktas\u0131 olmay\u0131 s\u00fcrd\u00fcr\u00fcyor. Park\u0131n i\u00e7inde yer alan aquapark, s\u0131cak havalarda serinlemek isteyen \u00e7ocuklar i\u00e7in e\u011flencenin adresi haline geldi. Kayd\u0131raklardan akan suyun co\u015fkusuyla ne\u015feye kap\u0131lan \u00e7ocuklar, su oyun alanlar\u0131nda g\u00f6n\u00fcllerince e\u011flenirken; veliler de park\u0131n g\u00f6lgelikli alanlar\u0131nda dinlenmenin keyfini \u00e7\u0131kar\u0131yor. Do\u011fayla&#8230;<\/p>\n","protected":false},"author":1,"featured_media":43783,"comment_status":"open","ping_status":"open","sticky":false,"template":"","format":"standard","meta":{"_crdt_document":"","footnotes":""},"categories":[1],"tags":[],"class_list":["post-43782","post","type-post","status-publish","format-standard","has-post-thumbnail","hentry","category-guncel"],"_links":{"self":[{"href":"https:\/\/www.egemtv.com\/index.php?rest_route=\/wp\/v2\/posts\/43782","targetHints":{"allow":["GET"]}}],"collection":[{"href":"https:\/\/www.egemtv.com\/index.php?rest_route=\/wp\/v2\/posts"}],"about":[{"href":"https:\/\/www.egemtv.com\/index.php?rest_route=\/wp\/v2\/types\/post"}],"author":[{"embeddable":true,"href":"https:\/\/www.egemtv.com\/index.php?rest_route=\/wp\/v2\/users\/1"}],"replies":[{"embeddable":true,"href":"https:\/\/www.egemtv.com\/index.php?rest_route=%2Fwp%2Fv2%2Fcomments&post=43782"}],"version-history":[{"count":1,"href":"https:\/\/www.egemtv.com\/index.php?rest_route=\/wp\/v2\/posts\/43782\/revisions"}],"predecessor-version":[{"id":43784,"href":"https:\/\/www.egemtv.com\/index.php?rest_route=\/wp\/v2\/posts\/43782\/revisions\/43784"}],"wp:featuredmedia":[{"embeddable":true,"href":"https:\/\/www.egemtv.com\/index.php?rest_route=\/wp\/v2\/media\/43783"}],"wp:attachment":[{"href":"https:\/\/www.egemtv.com\/index.php?rest_route=%2Fwp%2Fv2%2Fmedia&parent=43782"}],"wp:term":[{"taxonomy":"category","embeddable":true,"href":"https:\/\/www.egemtv.com\/index.php?rest_route=%2Fwp%2Fv2%2Fcategories&post=43782"},{"taxonomy":"post_tag","embeddable":true,"href":"https:\/\/www.egemtv.com\/index.php?rest_route=%2Fwp%2Fv2%2Ftags&post=43782"}],"curies":[{"name":"wp","href":"https:\/\/api.w.org\/{rel}","templated":true}]}}