{"id":43779,"date":"2025-07-22T12:55:57","date_gmt":"2025-07-22T09:55:57","guid":{"rendered":"https:\/\/www.egemtv.com\/?p=43779"},"modified":"2025-07-22T12:55:57","modified_gmt":"2025-07-22T09:55:57","slug":"nazilli-belediyesi-gezici-kres-projesi-icin-kollari-sivadi","status":"publish","type":"post","link":"https:\/\/www.egemtv.com\/?p=43779","title":{"rendered":"Nazilli Belediyesi \u2019gezici kre\u015f\u2019 projesi i\u00e7in kollar\u0131 s\u0131vad\u0131"},"content":{"rendered":"<p>Nazilli Belediye Ba\u015fkan\u0131 Dr. Ertu\u011frul Tetik, sabah mesaisine belediye ekiplerinin saha \u00e7al\u0131\u015fmalar\u0131n\u0131 inceleyerek ba\u015flarken, gezici kre\u015f olarak hizmet verecek otob\u00fcs\u00fcn haz\u0131rl\u0131k s\u00fcrecini de g\u00f6zden ge\u00e7irerek projenin yak\u0131n zamanda halk\u0131n hizmetine sunulaca\u011f\u0131n\u0131 dile getirdi.<\/p>\n<p>Fen \u0130\u015fleri M\u00fcd\u00fcrl\u00fc\u011f\u00fc ekiplerinin Dall\u0131ca Mahallesi\u2019ndeki ye\u015fil alanda y\u00fcr\u00fctt\u00fc\u011f\u00fc d\u00fczenleme ve moloz temizlik \u00e7al\u0131\u015fmalar\u0131n\u0131 inceleyen Ba\u015fkan Tetik, b\u00f6lgedeki yang\u0131n riski ve k\u00f6t\u00fc g\u00f6r\u00fcnt\u00fcn\u00fcn \u00f6n\u00fcne ge\u00e7mek i\u00e7in faaliyetlerin k\u0131sa s\u00fcrede tamamlanaca\u011f\u0131n\u0131 ifade etti. Park ve Bah\u00e7eler M\u00fcd\u00fcrl\u00fc\u011f\u00fc \u015fantiyesinde yap\u0131m\u0131na ba\u015flanan ve k\u0131rsal mahalleler ba\u015fta olmak \u00fczere il\u00e7enin b\u00fcy\u00fck pazar alanlar\u0131nda gezici kre\u015f olarak hizmet verecek otob\u00fcs\u00fcn haz\u0131rl\u0131k s\u00fcre\u00e7lerini bizzat inceleyen Ba\u015fkan Tetik, projenin yak\u0131n zamanda halk\u0131n hizmetine sunulaca\u011f\u0131n\u0131 dile getirdi.<\/p>\n<p>\u0130\u00e7erisinde oyun ve etkinlik alanlar\u0131n\u0131n yer alaca\u011f\u0131 otob\u00fcste, Nazilli Belediyesi taraf\u0131ndan g\u00f6revlendirilen personellerin bulunaca\u011f\u0131n\u0131 ve \u00e7ocuklar\u0131n geli\u015fimine katk\u0131da bulunacak pek \u00e7ok \u00e7al\u0131\u015fman\u0131n yap\u0131laca\u011f\u0131n\u0131 ifade eden Tetik, &#8220;Projemizin as\u0131l amac\u0131 okul \u00f6ncesi e\u011fitimin bulunmad\u0131\u011f\u0131 k\u0131rsal mahallelerimizdeki \u00e7ocuklar\u0131m\u0131za ula\u015fmak ve Pazar al\u0131\u015fveri\u015fi, s\u0131nav gibi \u00e7e\u015fitli i\u015fler i\u00e7in \u00e7ar\u015f\u0131ya \u00e7\u0131kan annelerimizin \u00e7ocuklar\u0131n\u0131 bir s\u00fcreli\u011fine b\u0131rakabilece\u011fi g\u00fcvenli bir alan olu\u015fturmak. \u00d6rne\u011fin gezici kre\u015fimiz Per\u015fembe g\u00fcnleri Atat\u00fcrk Park\u0131 \u00f6n\u00fcnde hizmet verecek ve annelerimiz \u00e7ocuklar\u0131n\u0131 b\u0131rak\u0131p rahat rahat al\u0131\u015fveri\u015f yapacak. S\u0131nav olan g\u00fcnlerde \u00e7ocuklar\u0131n\u0131 b\u0131rakacaklar ve rahat rahat s\u0131navlar\u0131na girecekler. Bu projeyi bir an evvel aktif hale getirmek i\u00e7in heyecanl\u0131y\u0131z&#8221; dedi.<br \/><\/p>\n","protected":false},"excerpt":{"rendered":"<p>Nazilli Belediye Ba\u015fkan\u0131 Dr. Ertu\u011frul Tetik, sabah mesaisine belediye ekiplerinin saha \u00e7al\u0131\u015fmalar\u0131n\u0131 inceleyerek ba\u015flarken, gezici kre\u015f olarak hizmet verecek otob\u00fcs\u00fcn haz\u0131rl\u0131k s\u00fcrecini de g\u00f6zden ge\u00e7irerek projenin yak\u0131n zamanda halk\u0131n hizmetine sunulaca\u011f\u0131n\u0131 dile getirdi. Fen \u0130\u015fleri M\u00fcd\u00fcrl\u00fc\u011f\u00fc ekiplerinin Dall\u0131ca Mahallesi\u2019ndeki ye\u015fil alanda y\u00fcr\u00fctt\u00fc\u011f\u00fc d\u00fczenleme ve moloz temizlik \u00e7al\u0131\u015fmalar\u0131n\u0131 inceleyen Ba\u015fkan Tetik, b\u00f6lgedeki yang\u0131n riski ve k\u00f6t\u00fc&#8230;<\/p>\n","protected":false},"author":1,"featured_media":43780,"comment_status":"open","ping_status":"open","sticky":false,"template":"","format":"standard","meta":{"_crdt_document":"","footnotes":""},"categories":[1],"tags":[],"class_list":["post-43779","post","type-post","status-publish","format-standard","has-post-thumbnail","hentry","category-guncel"],"_links":{"self":[{"href":"https:\/\/www.egemtv.com\/index.php?rest_route=\/wp\/v2\/posts\/43779","targetHints":{"allow":["GET"]}}],"collection":[{"href":"https:\/\/www.egemtv.com\/index.php?rest_route=\/wp\/v2\/posts"}],"about":[{"href":"https:\/\/www.egemtv.com\/index.php?rest_route=\/wp\/v2\/types\/post"}],"author":[{"embeddable":true,"href":"https:\/\/www.egemtv.com\/index.php?rest_route=\/wp\/v2\/users\/1"}],"replies":[{"embeddable":true,"href":"https:\/\/www.egemtv.com\/index.php?rest_route=%2Fwp%2Fv2%2Fcomments&post=43779"}],"version-history":[{"count":1,"href":"https:\/\/www.egemtv.com\/index.php?rest_route=\/wp\/v2\/posts\/43779\/revisions"}],"predecessor-version":[{"id":43781,"href":"https:\/\/www.egemtv.com\/index.php?rest_route=\/wp\/v2\/posts\/43779\/revisions\/43781"}],"wp:featuredmedia":[{"embeddable":true,"href":"https:\/\/www.egemtv.com\/index.php?rest_route=\/wp\/v2\/media\/43780"}],"wp:attachment":[{"href":"https:\/\/www.egemtv.com\/index.php?rest_route=%2Fwp%2Fv2%2Fmedia&parent=43779"}],"wp:term":[{"taxonomy":"category","embeddable":true,"href":"https:\/\/www.egemtv.com\/index.php?rest_route=%2Fwp%2Fv2%2Fcategories&post=43779"},{"taxonomy":"post_tag","embeddable":true,"href":"https:\/\/www.egemtv.com\/index.php?rest_route=%2Fwp%2Fv2%2Ftags&post=43779"}],"curies":[{"name":"wp","href":"https:\/\/api.w.org\/{rel}","templated":true}]}}