{"id":43776,"date":"2025-07-22T12:55:56","date_gmt":"2025-07-22T09:55:56","guid":{"rendered":"https:\/\/www.egemtv.com\/?p=43776"},"modified":"2025-07-22T12:55:56","modified_gmt":"2025-07-22T09:55:56","slug":"kutahya-protokolunden-gediz-tarhana-festivaline-yogun-ilgi","status":"publish","type":"post","link":"https:\/\/www.egemtv.com\/?p=43776","title":{"rendered":"K\u00fctahya protokol\u00fcnden Gediz Tarhana Festivali\u2019ne yo\u011fun ilgi"},"content":{"rendered":"<p>K\u00fctahya\u2019n\u0131n Gediz il\u00e7esinde bu y\u0131l 21\u2019incisi d\u00fczenlenen Geleneksel Gediz Tarhana Festivali, il protokol\u00fcnden de yo\u011fun ilgi g\u00f6rd\u00fc. K\u00fctahya Belediye Ba\u015fkan\u0131 Ey\u00fcp Kahveci, K\u00fctahya Dumlup\u0131nar \u00dcniversitesi Rekt\u00f6r\u00fc Prof. Dr. S\u00fcleyman K\u0131z\u0131ltoprak ve K\u00fctahya Gen\u00e7lik ve Spor \u0130l M\u00fcd\u00fcr\u00fc B\u00fclent K\u00fc\u00e7\u00fck, festivali ziyaret ederek vatanda\u015flarla bir araya geldi.<br \/>\n<br \/>Adnan Menderes Ya\u015fam Park\u0131\u2019nda kurulan festival alan\u0131nda ger\u00e7ekle\u015fen ziyarette, protokol \u00fcyelerini Gediz Belediye Ba\u015fkan\u0131 Necdet Akel kar\u015f\u0131lad\u0131. Ziyarete ayr\u0131ca Gediz Meslek Y\u00fcksekokulu M\u00fcd\u00fcr\u00fc Dr. \u00d6\u011fr. \u00dcyesi G\u00f6khan Da\u011f\u0131lgan, MHP Gediz \u0130l\u00e7e Ba\u015fkan\u0131 Fatih Ayd\u0131n, Gediz Belediye Ba\u015fkan Yard\u0131mc\u0131lar\u0131 Bayram Sar\u0131, Mehmet Paksoy, Gediz Ticaret ve Sanayi Odas\u0131 Ba\u015fkan\u0131 Vedat \u00d6zt\u00fcrk ve Ba\u015fkan Yard\u0131mc\u0131s\u0131 Y\u0131lmaz \u00d6zen, \u0130l Genel Meclisi \u00dcyeleri \u00dcmit \u00c7imen ve \u015eerif Aky\u00fcn ile Belediye Meclis \u00dcyesi Mehmet G\u00fcltekin de kat\u0131l\u0131m sa\u011flad\u0131.<br \/>\n<br \/>Misafirler, festival alan\u0131nda kurulan stantlar\u0131 tek tek gezerek y\u00f6resel \u00fcr\u00fcnler hakk\u0131nda bilgi ald\u0131 ve vatanda\u015flarla sohbet ederek festival co\u015fkusunu payla\u015ft\u0131. El eme\u011fi y\u00f6resel lezzetler ziyaret\u00e7ilerden b\u00fcy\u00fck ilgi g\u00f6rd\u00fc.<br \/>\n<br \/>K\u00fctahya Belediye Ba\u015fkan\u0131 Ey\u00fcp Kahveci, Gediz Belediye Ba\u015fkan\u0131 Necdet Akel ile birlikte y\u00f6resel \u00fcr\u00fcnlerin sergilendi\u011fi stantlar\u0131 gezerek \u00fcreticilerle sohbet etti. Kahveci, Gediz\u2019in k\u00fclt\u00fcrel zenginliklerinden biri olan tarhanan\u0131n tan\u0131t\u0131m\u0131na ve ya\u015fat\u0131lmas\u0131na b\u00fcy\u00fck katk\u0131 sa\u011flayan festivalin b\u00f6lge ekonomisine ve turizmine olan katk\u0131s\u0131na vurgu yapt\u0131. Yerel de\u011ferlerin korunmas\u0131 ve gelecek nesillere aktar\u0131lmas\u0131 ad\u0131na bu t\u00fcr etkinliklerin \u00f6nemine dikkat \u00e7ekti.<br \/>\n<br \/>Festival alan\u0131nda yer alan Gediz Gen\u00e7lik Merkezi Kompleksi ve K\u00fct\u00fcphane de ziyaret edilerek incelemelerde bulunuldu. K\u00fctahya\u2019n\u0131n d\u00f6rt bir yan\u0131ndan gelen ziyaret\u00e7ilerle renklenen festival, b\u00f6lgenin k\u00fclt\u00fcrel ve ekonomik canl\u0131l\u0131\u011f\u0131na \u00f6nemli katk\u0131lar sa\u011flamaya devam ediyor.<br \/><\/p>\n","protected":false},"excerpt":{"rendered":"<p>K\u00fctahya\u2019n\u0131n Gediz il\u00e7esinde bu y\u0131l 21\u2019incisi d\u00fczenlenen Geleneksel Gediz Tarhana Festivali, il protokol\u00fcnden de yo\u011fun ilgi g\u00f6rd\u00fc. K\u00fctahya Belediye Ba\u015fkan\u0131 Ey\u00fcp Kahveci, K\u00fctahya Dumlup\u0131nar \u00dcniversitesi Rekt\u00f6r\u00fc Prof. Dr. S\u00fcleyman K\u0131z\u0131ltoprak ve K\u00fctahya Gen\u00e7lik ve Spor \u0130l M\u00fcd\u00fcr\u00fc B\u00fclent K\u00fc\u00e7\u00fck, festivali ziyaret ederek vatanda\u015flarla bir araya geldi. Adnan Menderes Ya\u015fam Park\u0131\u2019nda kurulan festival alan\u0131nda ger\u00e7ekle\u015fen ziyarette,&#8230;<\/p>\n","protected":false},"author":1,"featured_media":43777,"comment_status":"open","ping_status":"open","sticky":false,"template":"","format":"standard","meta":{"_crdt_document":"","footnotes":""},"categories":[123],"tags":[],"class_list":["post-43776","post","type-post","status-publish","format-standard","has-post-thumbnail","hentry","category-gundem"],"_links":{"self":[{"href":"https:\/\/www.egemtv.com\/index.php?rest_route=\/wp\/v2\/posts\/43776","targetHints":{"allow":["GET"]}}],"collection":[{"href":"https:\/\/www.egemtv.com\/index.php?rest_route=\/wp\/v2\/posts"}],"about":[{"href":"https:\/\/www.egemtv.com\/index.php?rest_route=\/wp\/v2\/types\/post"}],"author":[{"embeddable":true,"href":"https:\/\/www.egemtv.com\/index.php?rest_route=\/wp\/v2\/users\/1"}],"replies":[{"embeddable":true,"href":"https:\/\/www.egemtv.com\/index.php?rest_route=%2Fwp%2Fv2%2Fcomments&post=43776"}],"version-history":[{"count":1,"href":"https:\/\/www.egemtv.com\/index.php?rest_route=\/wp\/v2\/posts\/43776\/revisions"}],"predecessor-version":[{"id":43778,"href":"https:\/\/www.egemtv.com\/index.php?rest_route=\/wp\/v2\/posts\/43776\/revisions\/43778"}],"wp:featuredmedia":[{"embeddable":true,"href":"https:\/\/www.egemtv.com\/index.php?rest_route=\/wp\/v2\/media\/43777"}],"wp:attachment":[{"href":"https:\/\/www.egemtv.com\/index.php?rest_route=%2Fwp%2Fv2%2Fmedia&parent=43776"}],"wp:term":[{"taxonomy":"category","embeddable":true,"href":"https:\/\/www.egemtv.com\/index.php?rest_route=%2Fwp%2Fv2%2Fcategories&post=43776"},{"taxonomy":"post_tag","embeddable":true,"href":"https:\/\/www.egemtv.com\/index.php?rest_route=%2Fwp%2Fv2%2Ftags&post=43776"}],"curies":[{"name":"wp","href":"https:\/\/api.w.org\/{rel}","templated":true}]}}