{"id":43770,"date":"2025-07-22T12:34:52","date_gmt":"2025-07-22T09:34:52","guid":{"rendered":"https:\/\/www.egemtv.com\/?p=43770"},"modified":"2025-07-22T12:34:52","modified_gmt":"2025-07-22T09:34:52","slug":"saldirganlara-kurekli-mudahale","status":"publish","type":"post","link":"https:\/\/www.egemtv.com\/?p=43770","title":{"rendered":"Sald\u0131rganlara k\u00fcrekli m\u00fcdahale"},"content":{"rendered":"<p>Mu\u011fla\u2019n\u0131n Marmaris il\u00e7esinde tekneden \u00e7\u0131kan kavga sonras\u0131 bir ki\u015fi hayat\u0131n\u0131 kaybederken, olay sonras\u0131 botla ka\u00e7maya \u00e7al\u0131\u015fan \u00fc\u00e7 \u015f\u00fcpheliyi, \u00f6len ki\u015finin yak\u0131nlar\u0131 botlarla ve k\u00fcreklerle durdurmaya \u00e7al\u0131\u015ft\u0131.<br \/>\n<br \/>Edinilen bilgiye g\u00f6re, Bozburun Mahallesi Kocabah\u00e7e Mevkii\u2019nde \u00fc\u00e7 yabanc\u0131 uyruklu kad\u0131n tekne kiralad\u0131. Yabanc\u0131 uyruklu kad\u0131nlar tekneye erkek arkada\u015flar\u0131n\u0131 da \u00e7a\u011f\u0131rd\u0131. Tekneye gelen erkek \u015fah\u0131slar teknede gece konaklamak isteyince tekne sahipleri ile \u015fah\u0131slar aras\u0131nda tart\u0131\u015fma \u00e7\u0131kt\u0131. Tart\u0131\u015fman\u0131n sonras\u0131nda ya\u015fanan kavgada ba\u015f\u0131na darbe alarak a\u011f\u0131r \u015fekilde yaralanan Arda Deniz Onat (22) hastanede hayat\u0131n\u0131 kaybetti.<br \/>\n<br \/>Olay sonras\u0131 ka\u00e7maya \u00e7al\u0131\u015fan \u00fc\u00e7 \u015f\u00fcpheliye denizde k\u00fcrekle m\u00fcdahale<br \/>\n<br \/>Ya\u015fanan kavgan\u0131n ard\u0131ndan teknede bulunan ve botla ka\u00e7maya \u00e7al\u0131\u015ft\u0131\u011f\u0131 \u00f6ne s\u00fcr\u00fclen \u00fc\u00e7 \u015f\u00fcpheli \u015fahs\u0131n Onat\u2019\u0131n yak\u0131nlar\u0131 taraf\u0131ndan k\u00fcreklerle durdurulmaya \u00e7al\u0131\u015f\u0131lmas\u0131 cep telefonu kameras\u0131na yans\u0131d\u0131. G\u00f6r\u00fcnt\u00fclerde Onat\u2019\u0131n yak\u0131nlar\u0131n\u0131n \u015f\u00fcphelileri takip etmesi ve k\u00fcrekle m\u00fcdahale etmesi, \u015f\u00fcphelilerin kendilerini takip eden bottaki ki\u015filere ta\u015f atmas\u0131 yer ald\u0131.<br \/>\n<br \/>&#8220;\u00dc\u00e7 \u015f\u00fcpheli tutukland\u0131&#8221;<br \/>\n<br \/>Ya\u015fanan olay sonras\u0131 ihbar \u00fczerine olay yerine gelen Sahil G\u00fcvenlik ekipleri, \u015f\u00fcphelileri yakalay\u0131p sa\u011fl\u0131k kontrolleri i\u00e7in Marmaris Devlet Hastanesi\u2019ne g\u00f6t\u00fcrd\u00fc. G\u00f6zalt\u0131 i\u015flemleri tamamlanan \u00fc\u00e7 ki\u015fi, d\u00fcn \u00e7\u0131kar\u0131ld\u0131klar\u0131 mahkemece tutuklanarak cezaevine g\u00f6nderildi.<br \/>\n<br \/>Olayla ilgili soru\u015fturma devam ediyor.<br \/><\/p>\n","protected":false},"excerpt":{"rendered":"<p>Mu\u011fla\u2019n\u0131n Marmaris il\u00e7esinde tekneden \u00e7\u0131kan kavga sonras\u0131 bir ki\u015fi hayat\u0131n\u0131 kaybederken, olay sonras\u0131 botla ka\u00e7maya \u00e7al\u0131\u015fan \u00fc\u00e7 \u015f\u00fcpheliyi, \u00f6len ki\u015finin yak\u0131nlar\u0131 botlarla ve k\u00fcreklerle durdurmaya \u00e7al\u0131\u015ft\u0131. Edinilen bilgiye g\u00f6re, Bozburun Mahallesi Kocabah\u00e7e Mevkii\u2019nde \u00fc\u00e7 yabanc\u0131 uyruklu kad\u0131n tekne kiralad\u0131. Yabanc\u0131 uyruklu kad\u0131nlar tekneye erkek arkada\u015flar\u0131n\u0131 da \u00e7a\u011f\u0131rd\u0131. Tekneye gelen erkek \u015fah\u0131slar teknede gece konaklamak isteyince&#8230;<\/p>\n","protected":false},"author":1,"featured_media":43771,"comment_status":"open","ping_status":"open","sticky":false,"template":"","format":"standard","meta":{"_crdt_document":"","footnotes":""},"categories":[5],"tags":[],"class_list":["post-43770","post","type-post","status-publish","format-standard","has-post-thumbnail","hentry","category-asayis"],"_links":{"self":[{"href":"https:\/\/www.egemtv.com\/index.php?rest_route=\/wp\/v2\/posts\/43770","targetHints":{"allow":["GET"]}}],"collection":[{"href":"https:\/\/www.egemtv.com\/index.php?rest_route=\/wp\/v2\/posts"}],"about":[{"href":"https:\/\/www.egemtv.com\/index.php?rest_route=\/wp\/v2\/types\/post"}],"author":[{"embeddable":true,"href":"https:\/\/www.egemtv.com\/index.php?rest_route=\/wp\/v2\/users\/1"}],"replies":[{"embeddable":true,"href":"https:\/\/www.egemtv.com\/index.php?rest_route=%2Fwp%2Fv2%2Fcomments&post=43770"}],"version-history":[{"count":1,"href":"https:\/\/www.egemtv.com\/index.php?rest_route=\/wp\/v2\/posts\/43770\/revisions"}],"predecessor-version":[{"id":43772,"href":"https:\/\/www.egemtv.com\/index.php?rest_route=\/wp\/v2\/posts\/43770\/revisions\/43772"}],"wp:featuredmedia":[{"embeddable":true,"href":"https:\/\/www.egemtv.com\/index.php?rest_route=\/wp\/v2\/media\/43771"}],"wp:attachment":[{"href":"https:\/\/www.egemtv.com\/index.php?rest_route=%2Fwp%2Fv2%2Fmedia&parent=43770"}],"wp:term":[{"taxonomy":"category","embeddable":true,"href":"https:\/\/www.egemtv.com\/index.php?rest_route=%2Fwp%2Fv2%2Fcategories&post=43770"},{"taxonomy":"post_tag","embeddable":true,"href":"https:\/\/www.egemtv.com\/index.php?rest_route=%2Fwp%2Fv2%2Ftags&post=43770"}],"curies":[{"name":"wp","href":"https:\/\/api.w.org\/{rel}","templated":true}]}}