{"id":43767,"date":"2025-07-22T12:14:51","date_gmt":"2025-07-22T09:14:51","guid":{"rendered":"https:\/\/www.egemtv.com\/?p=43767"},"modified":"2025-07-22T12:14:51","modified_gmt":"2025-07-22T09:14:51","slug":"karsiyaka-basketbol-15-yil-sonra-avrupada-yok","status":"publish","type":"post","link":"https:\/\/www.egemtv.com\/?p=43767","title":{"rendered":"Kar\u015f\u0131yaka Basketbol, 15 y\u0131l sonra Avrupa\u2019da yok"},"content":{"rendered":"<p>Kar\u015f\u0131yaka Basketbol, ya\u015fad\u0131\u011f\u0131 ekonomik sorunlar ve belirsizliklerden dolay\u0131 yeni sezonda 15 y\u0131ll\u0131k aran\u0131n ard\u0131ndan Avrupa kupalar\u0131nda m\u00fccadele edemeyecek.<br \/>\n<br \/>T\u00fcrkiye\u2019nin ve \u0130zmir\u2019in basketboldaki en \u00f6nemli markalar\u0131ndan birisi olan Kar\u015f\u0131yaka Basketbol, son d\u00f6nemlerde ya\u015fad\u0131\u011f\u0131 ekonomik problemler ve kul\u00fcpteki belirsizliklerden dolay\u0131 tam 15 y\u0131ll\u0131k aradan sonra Avrupa kupalar\u0131nda m\u00fccadele edemeyecek. Son olarak 2009-2010 sezonunda Avrupa\u2019ya gidemeyen ye\u015fil-k\u0131rm\u0131z\u0131l\u0131lar, bu sezonda ayn\u0131 senaryoyu ya\u015fayacak. 2025-2026 d\u00f6nemi i\u00e7in Avrupa\u2019n\u0131n 4 numaral\u0131 kupas\u0131 olan FIBA Europe Cup\u2019a T\u00fcrkiye\u2019den Alia\u011fa Petkimspor davet edilirken, Bursaspor da Basketbol \u015eampiyonlar Ligi elemesinde ba\u015far\u0131s\u0131z olursa FIBA Europe Cup\u2019ta yoluna devam edecek. B\u00f6ylece Kaf-Kaf, yeni sezonda sadece S\u00fcper Lig ve T\u00fcrkiye Kupas\u0131 m\u00fccadelesi verecek.<br \/>\n<br \/>\u0130zmir ekibi, 2012-13 sezonunda FIBA Eurochallange ve 2020- 2021\u2019de FIBA \u015eampiyonlar Ligi\u2019nde final oynamas\u0131na ra\u011fmen kupay\u0131 kazanma ba\u015far\u0131s\u0131 g\u00f6sterememi\u015fti.<br \/>\n<br \/>Ye\u015fil-k\u0131rm\u0131z\u0131l\u0131lar, 2015-16 sezonunda Eurolig\u2019e kat\u0131larak \u00fclkemizi temsil etme hakk\u0131 kazanm\u0131\u015ft\u0131<br \/><\/p>\n","protected":false},"excerpt":{"rendered":"<p>Kar\u015f\u0131yaka Basketbol, ya\u015fad\u0131\u011f\u0131 ekonomik sorunlar ve belirsizliklerden dolay\u0131 yeni sezonda 15 y\u0131ll\u0131k aran\u0131n ard\u0131ndan Avrupa kupalar\u0131nda m\u00fccadele edemeyecek. T\u00fcrkiye\u2019nin ve \u0130zmir\u2019in basketboldaki en \u00f6nemli markalar\u0131ndan birisi olan Kar\u015f\u0131yaka Basketbol, son d\u00f6nemlerde ya\u015fad\u0131\u011f\u0131 ekonomik problemler ve kul\u00fcpteki belirsizliklerden dolay\u0131 tam 15 y\u0131ll\u0131k aradan sonra Avrupa kupalar\u0131nda m\u00fccadele edemeyecek. Son olarak 2009-2010 sezonunda Avrupa\u2019ya gidemeyen ye\u015fil-k\u0131rm\u0131z\u0131l\u0131lar, bu&#8230;<\/p>\n","protected":false},"author":1,"featured_media":43768,"comment_status":"open","ping_status":"open","sticky":false,"template":"","format":"standard","meta":{"_crdt_document":"","footnotes":""},"categories":[4],"tags":[],"class_list":["post-43767","post","type-post","status-publish","format-standard","has-post-thumbnail","hentry","category-spor"],"_links":{"self":[{"href":"https:\/\/www.egemtv.com\/index.php?rest_route=\/wp\/v2\/posts\/43767","targetHints":{"allow":["GET"]}}],"collection":[{"href":"https:\/\/www.egemtv.com\/index.php?rest_route=\/wp\/v2\/posts"}],"about":[{"href":"https:\/\/www.egemtv.com\/index.php?rest_route=\/wp\/v2\/types\/post"}],"author":[{"embeddable":true,"href":"https:\/\/www.egemtv.com\/index.php?rest_route=\/wp\/v2\/users\/1"}],"replies":[{"embeddable":true,"href":"https:\/\/www.egemtv.com\/index.php?rest_route=%2Fwp%2Fv2%2Fcomments&post=43767"}],"version-history":[{"count":1,"href":"https:\/\/www.egemtv.com\/index.php?rest_route=\/wp\/v2\/posts\/43767\/revisions"}],"predecessor-version":[{"id":43769,"href":"https:\/\/www.egemtv.com\/index.php?rest_route=\/wp\/v2\/posts\/43767\/revisions\/43769"}],"wp:featuredmedia":[{"embeddable":true,"href":"https:\/\/www.egemtv.com\/index.php?rest_route=\/wp\/v2\/media\/43768"}],"wp:attachment":[{"href":"https:\/\/www.egemtv.com\/index.php?rest_route=%2Fwp%2Fv2%2Fmedia&parent=43767"}],"wp:term":[{"taxonomy":"category","embeddable":true,"href":"https:\/\/www.egemtv.com\/index.php?rest_route=%2Fwp%2Fv2%2Fcategories&post=43767"},{"taxonomy":"post_tag","embeddable":true,"href":"https:\/\/www.egemtv.com\/index.php?rest_route=%2Fwp%2Fv2%2Ftags&post=43767"}],"curies":[{"name":"wp","href":"https:\/\/api.w.org\/{rel}","templated":true}]}}