{"id":43764,"date":"2025-07-22T12:14:50","date_gmt":"2025-07-22T09:14:50","guid":{"rendered":"https:\/\/www.egemtv.com\/?p=43764"},"modified":"2025-07-22T12:14:50","modified_gmt":"2025-07-22T09:14:50","slug":"mentesede-ari-konaklama-noktalarinda-yangin-onlemleri-sikilastiriliyor","status":"publish","type":"post","link":"https:\/\/www.egemtv.com\/?p=43764","title":{"rendered":"Mente\u015fe\u2019de ar\u0131 konaklama noktalar\u0131nda yang\u0131n \u00f6nlemleri s\u0131k\u0131la\u015ft\u0131r\u0131l\u0131yor"},"content":{"rendered":"<p>Mu\u011fla\u2019n\u0131n Mente\u015fe il\u00e7esi, yaz aylar\u0131nda artan s\u0131cakl\u0131klarla birlikte ciddi orman yang\u0131n\u0131 riski ta\u015f\u0131yan b\u00f6lgeler aras\u0131nda yer al\u0131yor. \u00d6zellikle \u00c7ambal\u0131 \u00fcretiminin yap\u0131ld\u0131\u011f\u0131 basral\u0131 k\u0131z\u0131l\u00e7am ormanlar\u0131n\u0131n yo\u011funlu\u011fu, b\u00f6lgeyi hassas hale getiriyor. Bu kapsamda Mente\u015fe \u0130l\u00e7e Tar\u0131m ve Orman M\u00fcd\u00fcrl\u00fc\u011f\u00fc, yang\u0131n \u00f6nleyici tedbirler almaya devam ediyor.<\/p>\n<p>\u0130l\u00e7ede ar\u0131c\u0131l\u0131\u011f\u0131n yayg\u0131n \u015fekilde s\u00fcrd\u00fcr\u00fcld\u00fc\u011f\u00fc Ar\u0131 Konaklama Noktalar\u0131 da bu \u00f6nlemler \u00e7er\u00e7evesinde de\u011ferlendirmeye al\u0131nd\u0131. Mente\u015fe \u0130l\u00e7e Tar\u0131m ve Orman M\u00fcd\u00fcrl\u00fc\u011f\u00fc, Mu\u011fla Orman \u0130\u015fletme \u015eefli\u011fi ve Mu\u011fla Ar\u0131 Yeti\u015ftiricileri Birli\u011fi i\u015f birli\u011finde y\u00fcr\u00fct\u00fclen \u00e7al\u0131\u015fmalarla, hem do\u011fal alanlar\u0131n korunmas\u0131 hem de ar\u0131c\u0131lar\u0131n g\u00fcvenli\u011fi hedefleniyor.<\/p>\n<p>Yap\u0131lan toplant\u0131 ve saha \u00e7al\u0131\u015fmalar\u0131nda; ar\u0131c\u0131lar\u0131n bilgilendirilmesi, konaklama alanlar\u0131nda yang\u0131n t\u00fcp\u00fc bulundurulmas\u0131, acil durumlarda y\u00f6nlendirme sa\u011flayacak tabelalar\u0131n haz\u0131rlanmas\u0131 gibi bir\u00e7ok konuda ortak kararlar al\u0131nd\u0131. E\u011fitim faaliyetleriyle birlikte, ar\u0131c\u0131lar\u0131n muhtemel yang\u0131nlara kar\u015f\u0131 fark\u0131ndal\u0131klar\u0131n\u0131n art\u0131r\u0131lmas\u0131 ve acil durumlara daha haz\u0131rl\u0131kl\u0131 hale gelmeleri ama\u00e7lan\u0131yor.<\/p>\n<p>Yetkililer, b\u00f6lgedeki ar\u0131c\u0131lar\u0131n \u00e7\u0131karlar\u0131n\u0131 da g\u00f6zeterek al\u0131nan \u00f6nlemlerin hem \u00fcreticileri hem de do\u011fay\u0131 korumaya y\u00f6nelik oldu\u011funu belirtti. Mente\u015fe \u0130l\u00e7e Tar\u0131m ve Orman M\u00fcd\u00fcrl\u00fc\u011f\u00fc\u2019nden yap\u0131lan a\u00e7\u0131klamada, &#8220;Yang\u0131na kar\u015f\u0131 tedbirli olmak hepimizin sorumlulu\u011fu. Do\u011fam\u0131z\u0131 ve \u00fcretim alanlar\u0131m\u0131z\u0131 birlikte koruyaca\u011f\u0131z&#8221; ifadelerine yer verildi.<br \/><\/p>\n","protected":false},"excerpt":{"rendered":"<p>Mu\u011fla\u2019n\u0131n Mente\u015fe il\u00e7esi, yaz aylar\u0131nda artan s\u0131cakl\u0131klarla birlikte ciddi orman yang\u0131n\u0131 riski ta\u015f\u0131yan b\u00f6lgeler aras\u0131nda yer al\u0131yor. \u00d6zellikle \u00c7ambal\u0131 \u00fcretiminin yap\u0131ld\u0131\u011f\u0131 basral\u0131 k\u0131z\u0131l\u00e7am ormanlar\u0131n\u0131n yo\u011funlu\u011fu, b\u00f6lgeyi hassas hale getiriyor. Bu kapsamda Mente\u015fe \u0130l\u00e7e Tar\u0131m ve Orman M\u00fcd\u00fcrl\u00fc\u011f\u00fc, yang\u0131n \u00f6nleyici tedbirler almaya devam ediyor. \u0130l\u00e7ede ar\u0131c\u0131l\u0131\u011f\u0131n yayg\u0131n \u015fekilde s\u00fcrd\u00fcr\u00fcld\u00fc\u011f\u00fc Ar\u0131 Konaklama Noktalar\u0131 da bu \u00f6nlemler \u00e7er\u00e7evesinde&#8230;<\/p>\n","protected":false},"author":1,"featured_media":43765,"comment_status":"open","ping_status":"open","sticky":false,"template":"","format":"standard","meta":{"_crdt_document":"","footnotes":""},"categories":[1],"tags":[],"class_list":["post-43764","post","type-post","status-publish","format-standard","has-post-thumbnail","hentry","category-guncel"],"_links":{"self":[{"href":"https:\/\/www.egemtv.com\/index.php?rest_route=\/wp\/v2\/posts\/43764","targetHints":{"allow":["GET"]}}],"collection":[{"href":"https:\/\/www.egemtv.com\/index.php?rest_route=\/wp\/v2\/posts"}],"about":[{"href":"https:\/\/www.egemtv.com\/index.php?rest_route=\/wp\/v2\/types\/post"}],"author":[{"embeddable":true,"href":"https:\/\/www.egemtv.com\/index.php?rest_route=\/wp\/v2\/users\/1"}],"replies":[{"embeddable":true,"href":"https:\/\/www.egemtv.com\/index.php?rest_route=%2Fwp%2Fv2%2Fcomments&post=43764"}],"version-history":[{"count":1,"href":"https:\/\/www.egemtv.com\/index.php?rest_route=\/wp\/v2\/posts\/43764\/revisions"}],"predecessor-version":[{"id":43766,"href":"https:\/\/www.egemtv.com\/index.php?rest_route=\/wp\/v2\/posts\/43764\/revisions\/43766"}],"wp:featuredmedia":[{"embeddable":true,"href":"https:\/\/www.egemtv.com\/index.php?rest_route=\/wp\/v2\/media\/43765"}],"wp:attachment":[{"href":"https:\/\/www.egemtv.com\/index.php?rest_route=%2Fwp%2Fv2%2Fmedia&parent=43764"}],"wp:term":[{"taxonomy":"category","embeddable":true,"href":"https:\/\/www.egemtv.com\/index.php?rest_route=%2Fwp%2Fv2%2Fcategories&post=43764"},{"taxonomy":"post_tag","embeddable":true,"href":"https:\/\/www.egemtv.com\/index.php?rest_route=%2Fwp%2Fv2%2Ftags&post=43764"}],"curies":[{"name":"wp","href":"https:\/\/api.w.org\/{rel}","templated":true}]}}