{"id":43758,"date":"2025-07-22T12:14:48","date_gmt":"2025-07-22T09:14:48","guid":{"rendered":"https:\/\/www.egemtv.com\/?p=43758"},"modified":"2025-07-22T12:14:49","modified_gmt":"2025-07-22T09:14:49","slug":"mugla-buyuksehir-belediyesi-ile-yaz-tatili-egitimle-renkleniyor","status":"publish","type":"post","link":"https:\/\/www.egemtv.com\/?p=43758","title":{"rendered":"Mu\u011fla B\u00fcy\u00fck\u015fehir Belediyesi ile yaz tatili e\u011fitimle renkleniyor"},"content":{"rendered":"<p>Mu\u011fla B\u00fcy\u00fck\u015fehir Belediyesi, \u00e7ocuklar\u0131n yaz tatilinde hem e\u011flenceli hem de e\u011fitici vakit ge\u00e7irmelerini sa\u011flamak i\u00e7in her y\u0131l oldu\u011fu gibi bu y\u0131l da yaz at\u00f6lyeleri d\u00fczenliyor.<br \/>\n<br \/>Alan\u0131nda uzman e\u011fitmenler e\u015fli\u011finde y\u00fcr\u00fct\u00fclen at\u00f6lyeler, \u00e7ocuklar\u0131n \u00e7ok y\u00f6nl\u00fc geli\u015fimine katk\u0131 sunarken ayn\u0131 zamanda sosyal becerilerini de g\u00fc\u00e7lendiriyor. Bu y\u0131l 7 Temmuz\u2019da ba\u015flayan ve 6 hafta boyunca devam edecek olan yaz at\u00f6lyeleri, T\u00fcrkan Saylan \u00c7a\u011fda\u015f Ya\u015fam Merkezi\u2019nde ger\u00e7ekle\u015ftiriliyor.<br \/>\n<br \/>G\u00f6rsel Sanatlar, Ya\u015fayan Matematik, \u0130ngilizce, \u00c7ocuklar \u0130\u00e7in Felsefi G\u00fcnler, Yoga ve Sanat Terapisi gibi farkl\u0131 i\u00e7eriklerle planlanan at\u00f6lyeler; \u00e7ocuklar\u0131n hayal g\u00fcc\u00fcn\u00fc destekliyor, fikir becerilerini art\u0131r\u0131yor ve bedensel geli\u015fimlerini g\u00f6zeten bir anlay\u0131\u015fla tasarlan\u0131yor.<br \/>\n<br \/>E\u011fitmenler \u00e7ocuklar\u0131n duygu d\u00fcnyas\u0131na temas ediyor<br \/>\n<br \/>At\u00f6lyelerde yenilik\u00e7i drama, bilim, felsefe ve sanat gibi disiplinlerin harmanlanmas\u0131 sayesinde \u00e7ocuklar, deneyimleyerek \u00f6\u011frenmenin keyfini \u00e7\u0131kar\u0131yor. E\u011fitmenler \u00e7ocuklara yaln\u0131zca bilgi aktarmakla kalm\u0131yor; onlar\u0131n duygu d\u00fcnyas\u0131na temas ederek, \u00f6zg\u00fcvenlerini geli\u015ftirmeye y\u00f6nelik bir e\u011fitim ortam\u0131 sunuyor.<br \/>\n<br \/>I\u015flak\u00e7a, &#8220;\u00c7ocuklar\u0131m\u0131z\u0131n hayal g\u00fcc\u00fcn\u00fc geli\u015ftirecek \u00e7al\u0131\u015fmalar yap\u0131yoruz&#8221;<br \/>\n<br \/>T\u00fcrkan Saylan \u00c7a\u011fda\u015f Ya\u015fam Merkezi \u015eube M\u00fcd\u00fcr\u00fc Olcay I\u015flak\u00e7a, &#8220;Her y\u0131l oldu\u011fu gibi bu y\u0131l da d\u00fczenledi\u011fimiz ve art\u0131k gelenekselle\u015fen T\u00fcrkan Saylan Ya\u015fam At\u00f6lyelerimizde, \u00e7ocuklar\u0131m\u0131z\u0131n hayal g\u00fcc\u00fcn\u00fc geli\u015ftirecek \u00e7al\u0131\u015fmalar yap\u0131yoruz. E\u011flenerek \u00f6\u011frenebilecekleri, kendilerini \u00f6zg\u00fcrce ifade edebilecekleri alanlar olu\u015fturmaya \u00f6zen g\u00f6steriyoruz. Bu s\u00fcre\u00e7te \u00f6zveriyle katk\u0131 sunan e\u011fitmenlerimize de ayr\u0131ca te\u015fekk\u00fcr ediyorum&#8221; dedi.<br \/>\n<br \/>Ba\u015fkan Aras:  &#8220;\u00c7ocuklara dokunan her \u00e7al\u0131\u015fma gelece\u011fe yap\u0131lan en g\u00fc\u00e7l\u00fc yat\u0131r\u0131md\u0131r&#8221;<br \/>\n<br \/>K\u0131y\u0131 Ege Belediyeler Birli\u011fi ve Mu\u011fla B\u00fcy\u00fck\u015fehir Belediye Ba\u015fkan\u0131 Ahmet Aras, yaz at\u00f6lyelerini \u00e7ocuklara y\u00f6nelik sosyal belediyecili\u011fin \u00f6nemli bir par\u00e7as\u0131 olarak g\u00f6rd\u00fcklerini ifade etti.  Ba\u015fkan Aras, &#8220;\u00c7ocuklara dokunan her \u00e7al\u0131\u015fma, gelece\u011fe yap\u0131lan en g\u00fc\u00e7l\u00fc yat\u0131r\u0131md\u0131r. T\u00fcrkan Saylan \u00c7a\u011fda\u015f Ya\u015fam Merkezi\u2019nde ger\u00e7ekle\u015ftirilen bu at\u00f6lyeler sadece yaz tatilini de\u011ferlendirmekle kalm\u0131yor; \u00e7ocuklar\u0131n hayata dair bak\u0131\u015f a\u00e7\u0131lar\u0131n\u0131 da geli\u015ftiriyor. Onlar\u0131n d\u00fc\u015f\u00fcnen, sorgulayan, yenilik\u00e7i bireyler olarak yeti\u015fmesi i\u00e7in yerel y\u00f6netimler olarak elimizden geleni yapmaya devam edece\u011fiz&#8221; dedi.<br \/><\/p>\n","protected":false},"excerpt":{"rendered":"<p>Mu\u011fla B\u00fcy\u00fck\u015fehir Belediyesi, \u00e7ocuklar\u0131n yaz tatilinde hem e\u011flenceli hem de e\u011fitici vakit ge\u00e7irmelerini sa\u011flamak i\u00e7in her y\u0131l oldu\u011fu gibi bu y\u0131l da yaz at\u00f6lyeleri d\u00fczenliyor. Alan\u0131nda uzman e\u011fitmenler e\u015fli\u011finde y\u00fcr\u00fct\u00fclen at\u00f6lyeler, \u00e7ocuklar\u0131n \u00e7ok y\u00f6nl\u00fc geli\u015fimine katk\u0131 sunarken ayn\u0131 zamanda sosyal becerilerini de g\u00fc\u00e7lendiriyor. Bu y\u0131l 7 Temmuz\u2019da ba\u015flayan ve 6 hafta boyunca devam edecek olan&#8230;<\/p>\n","protected":false},"author":1,"featured_media":43759,"comment_status":"open","ping_status":"open","sticky":false,"template":"","format":"standard","meta":{"_crdt_document":"","footnotes":""},"categories":[1],"tags":[],"class_list":["post-43758","post","type-post","status-publish","format-standard","has-post-thumbnail","hentry","category-guncel"],"_links":{"self":[{"href":"https:\/\/www.egemtv.com\/index.php?rest_route=\/wp\/v2\/posts\/43758","targetHints":{"allow":["GET"]}}],"collection":[{"href":"https:\/\/www.egemtv.com\/index.php?rest_route=\/wp\/v2\/posts"}],"about":[{"href":"https:\/\/www.egemtv.com\/index.php?rest_route=\/wp\/v2\/types\/post"}],"author":[{"embeddable":true,"href":"https:\/\/www.egemtv.com\/index.php?rest_route=\/wp\/v2\/users\/1"}],"replies":[{"embeddable":true,"href":"https:\/\/www.egemtv.com\/index.php?rest_route=%2Fwp%2Fv2%2Fcomments&post=43758"}],"version-history":[{"count":1,"href":"https:\/\/www.egemtv.com\/index.php?rest_route=\/wp\/v2\/posts\/43758\/revisions"}],"predecessor-version":[{"id":43760,"href":"https:\/\/www.egemtv.com\/index.php?rest_route=\/wp\/v2\/posts\/43758\/revisions\/43760"}],"wp:featuredmedia":[{"embeddable":true,"href":"https:\/\/www.egemtv.com\/index.php?rest_route=\/wp\/v2\/media\/43759"}],"wp:attachment":[{"href":"https:\/\/www.egemtv.com\/index.php?rest_route=%2Fwp%2Fv2%2Fmedia&parent=43758"}],"wp:term":[{"taxonomy":"category","embeddable":true,"href":"https:\/\/www.egemtv.com\/index.php?rest_route=%2Fwp%2Fv2%2Fcategories&post=43758"},{"taxonomy":"post_tag","embeddable":true,"href":"https:\/\/www.egemtv.com\/index.php?rest_route=%2Fwp%2Fv2%2Ftags&post=43758"}],"curies":[{"name":"wp","href":"https:\/\/api.w.org\/{rel}","templated":true}]}}