{"id":43755,"date":"2025-07-22T11:54:45","date_gmt":"2025-07-22T08:54:45","guid":{"rendered":"https:\/\/www.egemtv.com\/?p=43755"},"modified":"2025-07-22T11:54:46","modified_gmt":"2025-07-22T08:54:46","slug":"mskuden-bilim-ve-sanat-evinde-bilincli-tercih-rehberligi-etkinligi","status":"publish","type":"post","link":"https:\/\/www.egemtv.com\/?p=43755","title":{"rendered":"MSK\u00dc\u2019den Bilim ve Sanat Evi\u2019nde \u2018Bilin\u00e7li tercih rehberli\u011fi\u2019 etkinli\u011fi"},"content":{"rendered":"<p>Mu\u011fla S\u0131tk\u0131 Ko\u00e7man \u00dcniversitesi (MSK\u00dc), aday \u00f6\u011frencilerin do\u011fru ve bilin\u00e7li tercihler yapabilmelerine destek olmak amac\u0131yla 23 Temmuz\u2019da \u00dcniversite\u2019nin kentsel sit alan i\u00e7inde yer alan Sekiba\u015f\u0131 sokaktaki Bilim ve Sanat Evinde \u2018Tercihine Rehberlik Et!\u2019 etkinli\u011fini d\u00fczenliyor.<br \/>\n<br \/>Mu\u011fla S\u0131tk\u0131 Ko\u00e7man \u00dcniversitesinden yap\u0131lan a\u00e7\u0131klamada, &#8220;En \u00e7ok tercih edilen b\u00f6l\u00fcmlerden akademisyenlerin kat\u0131l\u0131m\u0131yla ger\u00e7ekle\u015fecek etkinlikte, adaylar akademik kadromuz ile birebir sohbet ederek b\u00f6l\u00fcmleri yak\u0131ndan tan\u0131ma f\u0131rsat\u0131 bulacak. Aday \u00f6\u011frencilerin sorular\u0131n\u0131 do\u011frudan akademisyenlere y\u00f6neltebilecekleri bu bulu\u015fma, kariyer planlamalar\u0131nda \u00f6nemli bir rehberlik sunmay\u0131 hedefliyor&#8221; denildi.<br \/><\/p>\n","protected":false},"excerpt":{"rendered":"<p>Mu\u011fla S\u0131tk\u0131 Ko\u00e7man \u00dcniversitesi (MSK\u00dc), aday \u00f6\u011frencilerin do\u011fru ve bilin\u00e7li tercihler yapabilmelerine destek olmak amac\u0131yla 23 Temmuz\u2019da \u00dcniversite\u2019nin kentsel sit alan i\u00e7inde yer alan Sekiba\u015f\u0131 sokaktaki Bilim ve Sanat Evinde \u2018Tercihine Rehberlik Et!\u2019 etkinli\u011fini d\u00fczenliyor. Mu\u011fla S\u0131tk\u0131 Ko\u00e7man \u00dcniversitesinden yap\u0131lan a\u00e7\u0131klamada, &#8220;En \u00e7ok tercih edilen b\u00f6l\u00fcmlerden akademisyenlerin kat\u0131l\u0131m\u0131yla ger\u00e7ekle\u015fecek etkinlikte, adaylar akademik kadromuz ile birebir&#8230;<\/p>\n","protected":false},"author":1,"featured_media":43756,"comment_status":"open","ping_status":"open","sticky":false,"template":"","format":"standard","meta":{"_crdt_document":"","footnotes":""},"categories":[1],"tags":[],"class_list":["post-43755","post","type-post","status-publish","format-standard","has-post-thumbnail","hentry","category-guncel"],"_links":{"self":[{"href":"https:\/\/www.egemtv.com\/index.php?rest_route=\/wp\/v2\/posts\/43755","targetHints":{"allow":["GET"]}}],"collection":[{"href":"https:\/\/www.egemtv.com\/index.php?rest_route=\/wp\/v2\/posts"}],"about":[{"href":"https:\/\/www.egemtv.com\/index.php?rest_route=\/wp\/v2\/types\/post"}],"author":[{"embeddable":true,"href":"https:\/\/www.egemtv.com\/index.php?rest_route=\/wp\/v2\/users\/1"}],"replies":[{"embeddable":true,"href":"https:\/\/www.egemtv.com\/index.php?rest_route=%2Fwp%2Fv2%2Fcomments&post=43755"}],"version-history":[{"count":1,"href":"https:\/\/www.egemtv.com\/index.php?rest_route=\/wp\/v2\/posts\/43755\/revisions"}],"predecessor-version":[{"id":43757,"href":"https:\/\/www.egemtv.com\/index.php?rest_route=\/wp\/v2\/posts\/43755\/revisions\/43757"}],"wp:featuredmedia":[{"embeddable":true,"href":"https:\/\/www.egemtv.com\/index.php?rest_route=\/wp\/v2\/media\/43756"}],"wp:attachment":[{"href":"https:\/\/www.egemtv.com\/index.php?rest_route=%2Fwp%2Fv2%2Fmedia&parent=43755"}],"wp:term":[{"taxonomy":"category","embeddable":true,"href":"https:\/\/www.egemtv.com\/index.php?rest_route=%2Fwp%2Fv2%2Fcategories&post=43755"},{"taxonomy":"post_tag","embeddable":true,"href":"https:\/\/www.egemtv.com\/index.php?rest_route=%2Fwp%2Fv2%2Ftags&post=43755"}],"curies":[{"name":"wp","href":"https:\/\/api.w.org\/{rel}","templated":true}]}}