{"id":43752,"date":"2025-07-22T11:54:44","date_gmt":"2025-07-22T08:54:44","guid":{"rendered":"https:\/\/www.egemtv.com\/?p=43752"},"modified":"2025-07-22T11:54:45","modified_gmt":"2025-07-22T08:54:45","slug":"geleneksel-tarhana-festivalinde-huseyin-kagit-gedizlileri-costurdu","status":"publish","type":"post","link":"https:\/\/www.egemtv.com\/?p=43752","title":{"rendered":"Geleneksel Tarhana Festivali\u2019nde H\u00fcseyin Ka\u011f\u0131t, Gedizlileri co\u015fturdu"},"content":{"rendered":"<p>K\u00fctahya\u2019n\u0131n Gediz il\u00e7esinde bu y\u0131l 21\u2019incisi d\u00fczenlenen Geleneksel Tarhana Festivali\u2019nin \u00fc\u00e7\u00fcnc\u00fc g\u00fcn\u00fcnde, binlerce Gedizli\u2019nin doldurdu\u011fu amfi tiyatroda sahne alan H\u00fcseyin Ka\u011f\u0131t, en sevilen \u015fark\u0131lar\u0131n\u0131 seslendirerek hayranlar\u0131na unutulmaz bir m\u00fczik ziyafeti sundu.<br \/>\n<br \/>Gediz\u2019de co\u015fkulu kalabal\u0131\u011fa hayran kalan ba\u015far\u0131l\u0131 \u015fark\u0131c\u0131, enerjisiyle mest ederken, Gedizliler de sanat\u00e7\u0131n\u0131n \u015fark\u0131lar\u0131na hep bir a\u011f\u0131zdan e\u015flik ederek festivalin \u00fc\u00e7\u00fcnc\u00fc g\u00fcn\u00fcne damga vuran bu konserin tad\u0131n\u0131 \u00e7\u0131kard\u0131.<br \/>\n<br \/>Konserin sonunda sahneye gelen Belediye Ba\u015fkan\u0131 Necdet Akel, amfi tiyatroyu dolduran vatanda\u015flara ve \u015fark\u0131c\u0131 H\u00fcseyin Ka\u011f\u0131t\u2019a te\u015fekk\u00fcrlerini iletti. Akel, sanat\u00e7\u0131ya bir hediye takdiminde bulunarak t\u00fcm kat\u0131l\u0131mc\u0131lara iyi e\u011flenceler dilerken \u015fark\u0131c\u0131yla da oyun havas\u0131 oynad\u0131. H\u00fcseyin Ka\u011f\u0131t, \u2019Gediz d\u0131\u015f\u0131ndan gelenler kimler\u2019 soruna binlerce ki\u015fi el kald\u0131r\u0131rken, festivale ilginin farkl\u0131 \u015fehirlerden de artt\u0131\u011f\u0131 g\u00f6r\u00fcld\u00fc. Festival, \u00f6n\u00fcm\u00fczdeki g\u00fcnlerde farkl\u0131 etkinlikler ve konserlerle devam edecek.<br \/><\/p>\n","protected":false},"excerpt":{"rendered":"<p>K\u00fctahya\u2019n\u0131n Gediz il\u00e7esinde bu y\u0131l 21\u2019incisi d\u00fczenlenen Geleneksel Tarhana Festivali\u2019nin \u00fc\u00e7\u00fcnc\u00fc g\u00fcn\u00fcnde, binlerce Gedizli\u2019nin doldurdu\u011fu amfi tiyatroda sahne alan H\u00fcseyin Ka\u011f\u0131t, en sevilen \u015fark\u0131lar\u0131n\u0131 seslendirerek hayranlar\u0131na unutulmaz bir m\u00fczik ziyafeti sundu. Gediz\u2019de co\u015fkulu kalabal\u0131\u011fa hayran kalan ba\u015far\u0131l\u0131 \u015fark\u0131c\u0131, enerjisiyle mest ederken, Gedizliler de sanat\u00e7\u0131n\u0131n \u015fark\u0131lar\u0131na hep bir a\u011f\u0131zdan e\u015flik ederek festivalin \u00fc\u00e7\u00fcnc\u00fc g\u00fcn\u00fcne damga vuran&#8230;<\/p>\n","protected":false},"author":1,"featured_media":43753,"comment_status":"open","ping_status":"open","sticky":false,"template":"","format":"standard","meta":{"_crdt_document":"","footnotes":""},"categories":[1],"tags":[],"class_list":["post-43752","post","type-post","status-publish","format-standard","has-post-thumbnail","hentry","category-guncel"],"_links":{"self":[{"href":"https:\/\/www.egemtv.com\/index.php?rest_route=\/wp\/v2\/posts\/43752","targetHints":{"allow":["GET"]}}],"collection":[{"href":"https:\/\/www.egemtv.com\/index.php?rest_route=\/wp\/v2\/posts"}],"about":[{"href":"https:\/\/www.egemtv.com\/index.php?rest_route=\/wp\/v2\/types\/post"}],"author":[{"embeddable":true,"href":"https:\/\/www.egemtv.com\/index.php?rest_route=\/wp\/v2\/users\/1"}],"replies":[{"embeddable":true,"href":"https:\/\/www.egemtv.com\/index.php?rest_route=%2Fwp%2Fv2%2Fcomments&post=43752"}],"version-history":[{"count":1,"href":"https:\/\/www.egemtv.com\/index.php?rest_route=\/wp\/v2\/posts\/43752\/revisions"}],"predecessor-version":[{"id":43754,"href":"https:\/\/www.egemtv.com\/index.php?rest_route=\/wp\/v2\/posts\/43752\/revisions\/43754"}],"wp:featuredmedia":[{"embeddable":true,"href":"https:\/\/www.egemtv.com\/index.php?rest_route=\/wp\/v2\/media\/43753"}],"wp:attachment":[{"href":"https:\/\/www.egemtv.com\/index.php?rest_route=%2Fwp%2Fv2%2Fmedia&parent=43752"}],"wp:term":[{"taxonomy":"category","embeddable":true,"href":"https:\/\/www.egemtv.com\/index.php?rest_route=%2Fwp%2Fv2%2Fcategories&post=43752"},{"taxonomy":"post_tag","embeddable":true,"href":"https:\/\/www.egemtv.com\/index.php?rest_route=%2Fwp%2Fv2%2Ftags&post=43752"}],"curies":[{"name":"wp","href":"https:\/\/api.w.org\/{rel}","templated":true}]}}