{"id":43746,"date":"2025-07-22T11:54:42","date_gmt":"2025-07-22T08:54:42","guid":{"rendered":"https:\/\/www.egemtv.com\/?p=43746"},"modified":"2025-07-22T11:54:43","modified_gmt":"2025-07-22T08:54:43","slug":"bodrum-karaadada-suruklenen-tekne-kurtarildi","status":"publish","type":"post","link":"https:\/\/www.egemtv.com\/?p=43746","title":{"rendered":"Bodrum Karaada\u2019da s\u00fcr\u00fcklenen tekne kurtar\u0131ld\u0131"},"content":{"rendered":"<p>Mu\u011fla\u2019n\u0131n Bodrum il\u00e7esi Karaada a\u00e7\u0131klar\u0131nda makine ar\u0131zas\u0131 ya\u015fayan 10 metre boyundaki tekne, K\u0131y\u0131 Emniyet Genel M\u00fcd\u00fcrl\u00fc\u011f\u00fc botu taraf\u0131ndan kurtar\u0131ld\u0131.<br \/>\n<br \/>Bodrum Karaada a\u00e7\u0131klar\u0131nda makine ar\u0131zas\u0131 ya\u015fayan ve i\u00e7inde 2 ki\u015fi bulunan 10 metre boyundaki tekne, KIYEM-6 h\u0131zl\u0131 tahlisiye (can kurtarma) botuna yedeklenerek A\u011fanlar Tersanesi\u2019nde emniyete al\u0131nd\u0131.<br \/><\/p>\n","protected":false},"excerpt":{"rendered":"<p>Mu\u011fla\u2019n\u0131n Bodrum il\u00e7esi Karaada a\u00e7\u0131klar\u0131nda makine ar\u0131zas\u0131 ya\u015fayan 10 metre boyundaki tekne, K\u0131y\u0131 Emniyet Genel M\u00fcd\u00fcrl\u00fc\u011f\u00fc botu taraf\u0131ndan kurtar\u0131ld\u0131. Bodrum Karaada a\u00e7\u0131klar\u0131nda makine ar\u0131zas\u0131 ya\u015fayan ve i\u00e7inde 2 ki\u015fi bulunan 10 metre boyundaki tekne, KIYEM-6 h\u0131zl\u0131 tahlisiye (can kurtarma) botuna yedeklenerek A\u011fanlar Tersanesi\u2019nde emniyete al\u0131nd\u0131.<\/p>\n","protected":false},"author":1,"featured_media":43747,"comment_status":"open","ping_status":"open","sticky":false,"template":"","format":"standard","meta":{"_crdt_document":"","footnotes":""},"categories":[5],"tags":[],"class_list":["post-43746","post","type-post","status-publish","format-standard","has-post-thumbnail","hentry","category-asayis"],"_links":{"self":[{"href":"https:\/\/www.egemtv.com\/index.php?rest_route=\/wp\/v2\/posts\/43746","targetHints":{"allow":["GET"]}}],"collection":[{"href":"https:\/\/www.egemtv.com\/index.php?rest_route=\/wp\/v2\/posts"}],"about":[{"href":"https:\/\/www.egemtv.com\/index.php?rest_route=\/wp\/v2\/types\/post"}],"author":[{"embeddable":true,"href":"https:\/\/www.egemtv.com\/index.php?rest_route=\/wp\/v2\/users\/1"}],"replies":[{"embeddable":true,"href":"https:\/\/www.egemtv.com\/index.php?rest_route=%2Fwp%2Fv2%2Fcomments&post=43746"}],"version-history":[{"count":1,"href":"https:\/\/www.egemtv.com\/index.php?rest_route=\/wp\/v2\/posts\/43746\/revisions"}],"predecessor-version":[{"id":43748,"href":"https:\/\/www.egemtv.com\/index.php?rest_route=\/wp\/v2\/posts\/43746\/revisions\/43748"}],"wp:featuredmedia":[{"embeddable":true,"href":"https:\/\/www.egemtv.com\/index.php?rest_route=\/wp\/v2\/media\/43747"}],"wp:attachment":[{"href":"https:\/\/www.egemtv.com\/index.php?rest_route=%2Fwp%2Fv2%2Fmedia&parent=43746"}],"wp:term":[{"taxonomy":"category","embeddable":true,"href":"https:\/\/www.egemtv.com\/index.php?rest_route=%2Fwp%2Fv2%2Fcategories&post=43746"},{"taxonomy":"post_tag","embeddable":true,"href":"https:\/\/www.egemtv.com\/index.php?rest_route=%2Fwp%2Fv2%2Ftags&post=43746"}],"curies":[{"name":"wp","href":"https:\/\/api.w.org\/{rel}","templated":true}]}}