{"id":43743,"date":"2025-07-22T11:54:41","date_gmt":"2025-07-22T08:54:41","guid":{"rendered":"https:\/\/www.egemtv.com\/?p=43743"},"modified":"2025-07-22T11:54:42","modified_gmt":"2025-07-22T08:54:42","slug":"kaza-yapan-hafif-ticari-aracta-3-kisi-yaralandi","status":"publish","type":"post","link":"https:\/\/www.egemtv.com\/?p=43743","title":{"rendered":"Kaza yapan hafif ticari ara\u00e7ta 3 ki\u015fi yaraland\u0131"},"content":{"rendered":"<p>Afyonkarahisar\u2019da kontrolden \u00e7\u0131karak tar\u0131m alan\u0131na giren hafif ticari ara\u00e7ta 3 ki\u015fi yaraland\u0131.<br \/>\n<br \/>Kaza, Emirda\u011f il\u00e7esi Davulga beldesi yak\u0131nlar\u0131nda meydana geldi. Edinilen bilgilere g\u00f6re, A.\u00c7., idaresindeki 42 TU 744 plakal\u0131 hafif ticari ara\u00e7 s\u00fcr\u00fcc\u00fcs\u00fcn\u00fcn hen\u00fcz belirlenemeyen bir sebepten \u00f6t\u00fcr\u00fc direksiyon hakimiyetini kaybetmesi sonucu kontrolden \u00e7\u0131kt\u0131. Savrulan ara\u00e7 ard\u0131ndan yol kenar\u0131ndaki tar\u0131m arazisine girerek durabildi. Kazada s\u00fcr\u00fcc\u00fc ile birlikte A.G. ve D.\u00c7., yaraland\u0131. Yaral\u0131lar kaza sonras\u0131 \u00e7evredekilerin haber vermesi \u00fczerine olay yerine gelen ambulanslarla hastanelere kald\u0131r\u0131ld\u0131.<br \/>\n<br \/>Kazan\u0131n ard\u0131ndan jandarma taraf\u0131ndan inceleme ba\u015flat\u0131ld\u0131.<br \/><\/p>\n","protected":false},"excerpt":{"rendered":"<p>Afyonkarahisar\u2019da kontrolden \u00e7\u0131karak tar\u0131m alan\u0131na giren hafif ticari ara\u00e7ta 3 ki\u015fi yaraland\u0131. Kaza, Emirda\u011f il\u00e7esi Davulga beldesi yak\u0131nlar\u0131nda meydana geldi. Edinilen bilgilere g\u00f6re, A.\u00c7., idaresindeki 42 TU 744 plakal\u0131 hafif ticari ara\u00e7 s\u00fcr\u00fcc\u00fcs\u00fcn\u00fcn hen\u00fcz belirlenemeyen bir sebepten \u00f6t\u00fcr\u00fc direksiyon hakimiyetini kaybetmesi sonucu kontrolden \u00e7\u0131kt\u0131. Savrulan ara\u00e7 ard\u0131ndan yol kenar\u0131ndaki tar\u0131m arazisine girerek durabildi. Kazada s\u00fcr\u00fcc\u00fc&#8230;<\/p>\n","protected":false},"author":1,"featured_media":43744,"comment_status":"open","ping_status":"open","sticky":false,"template":"","format":"standard","meta":{"_crdt_document":"","footnotes":""},"categories":[5],"tags":[],"class_list":["post-43743","post","type-post","status-publish","format-standard","has-post-thumbnail","hentry","category-asayis"],"_links":{"self":[{"href":"https:\/\/www.egemtv.com\/index.php?rest_route=\/wp\/v2\/posts\/43743","targetHints":{"allow":["GET"]}}],"collection":[{"href":"https:\/\/www.egemtv.com\/index.php?rest_route=\/wp\/v2\/posts"}],"about":[{"href":"https:\/\/www.egemtv.com\/index.php?rest_route=\/wp\/v2\/types\/post"}],"author":[{"embeddable":true,"href":"https:\/\/www.egemtv.com\/index.php?rest_route=\/wp\/v2\/users\/1"}],"replies":[{"embeddable":true,"href":"https:\/\/www.egemtv.com\/index.php?rest_route=%2Fwp%2Fv2%2Fcomments&post=43743"}],"version-history":[{"count":1,"href":"https:\/\/www.egemtv.com\/index.php?rest_route=\/wp\/v2\/posts\/43743\/revisions"}],"predecessor-version":[{"id":43745,"href":"https:\/\/www.egemtv.com\/index.php?rest_route=\/wp\/v2\/posts\/43743\/revisions\/43745"}],"wp:featuredmedia":[{"embeddable":true,"href":"https:\/\/www.egemtv.com\/index.php?rest_route=\/wp\/v2\/media\/43744"}],"wp:attachment":[{"href":"https:\/\/www.egemtv.com\/index.php?rest_route=%2Fwp%2Fv2%2Fmedia&parent=43743"}],"wp:term":[{"taxonomy":"category","embeddable":true,"href":"https:\/\/www.egemtv.com\/index.php?rest_route=%2Fwp%2Fv2%2Fcategories&post=43743"},{"taxonomy":"post_tag","embeddable":true,"href":"https:\/\/www.egemtv.com\/index.php?rest_route=%2Fwp%2Fv2%2Ftags&post=43743"}],"curies":[{"name":"wp","href":"https:\/\/api.w.org\/{rel}","templated":true}]}}