{"id":43640,"date":"2025-07-22T02:57:28","date_gmt":"2025-07-21T23:57:28","guid":{"rendered":"https:\/\/www.egemtv.com\/?p=43640"},"modified":"2025-07-22T02:57:29","modified_gmt":"2025-07-21T23:57:29","slug":"kirkagacta-hafif-ticari-arac-ile-motosikletin-carpistigi-feci-kaza-kamerada-1-olu-1-yarali","status":"publish","type":"post","link":"https:\/\/www.egemtv.com\/?p=43640","title":{"rendered":"K\u0131rka\u011fa\u00e7\u2019ta hafif ticari ara\u00e7 ile motosikletin \u00e7arp\u0131\u015ft\u0131\u011f\u0131 feci kaza kamerada: 1 \u00f6l\u00fc, 1 yaral\u0131"},"content":{"rendered":"<p>MAN\u0130SA (\u0130HA) \u2013 Manisa\u2019n\u0131n K\u0131rka\u011fa\u00e7 il\u00e7esinde hafif ticari arac\u0131n motosiklete \u00e7arpmas\u0131 sonucu meydana gelen trafik kazas\u0131nda 1 ki\u015fi hayat\u0131n\u0131 kaybetti, 1 ki\u015fi ise yaraland\u0131. Kaza an\u0131 \u00e7evredeki bir i\u015f yerinin g\u00fcvenlik kameras\u0131na da saniye saniye yans\u0131d\u0131.<br \/>\n<br \/>Kaza, K\u0131rka\u011fa\u00e7 il\u00e7esi Bak\u0131r Mahallesi kav\u015fa\u011f\u0131nda meydana geldi. Edinilen bilgiye g\u00f6re, k\u0131rm\u0131z\u0131 \u0131\u015f\u0131k ihlali yapt\u0131\u011f\u0131 iddia edilen A.\u015e. y\u00f6netimindeki 45 AGS 850 plakal\u0131 hafif ticari ara\u00e7, kav\u015fakta seyir halinde olan motosiklete \u00e7arpt\u0131. \u00c7arp\u0131\u015fman\u0131n etkisiyle motosiklet s\u00fcr\u00fcc\u00fcs\u00fc Himmet Uzun (56) ile motosiklette yolcu olarak bulunan Emine Uzun (49) yola savruldu. \u0130hbar \u00fczerine olay yerine sa\u011fl\u0131k ve polis ekipleri sevk edildi. Yaral\u0131lar ilk m\u00fcdahalenin ard\u0131ndan hastaneye kald\u0131r\u0131ld\u0131. Motosiklet s\u00fcr\u00fcc\u00fcs\u00fc Himmet Uzun, hastanede yap\u0131lan t\u00fcm m\u00fcdahalelere ra\u011fmen hayat\u0131n\u0131 kaybetti. Yaral\u0131 Emine Uzun\u2019un tedavisinin devam etti\u011fi \u00f6\u011frenildi. Kaza an\u0131 \u00e7evredeki bir i\u015f yerinin g\u00fcvenlik kameras\u0131na da saniye saniye yans\u0131d\u0131.<br \/>\n<br \/>Kazayla ilgili soru\u015fturma ba\u015flat\u0131ld\u0131.<br \/><\/p>\n","protected":false},"excerpt":{"rendered":"<p>MAN\u0130SA (\u0130HA) \u2013 Manisa\u2019n\u0131n K\u0131rka\u011fa\u00e7 il\u00e7esinde hafif ticari arac\u0131n motosiklete \u00e7arpmas\u0131 sonucu meydana gelen trafik kazas\u0131nda 1 ki\u015fi hayat\u0131n\u0131 kaybetti, 1 ki\u015fi ise yaraland\u0131. Kaza an\u0131 \u00e7evredeki bir i\u015f yerinin g\u00fcvenlik kameras\u0131na da saniye saniye yans\u0131d\u0131. Kaza, K\u0131rka\u011fa\u00e7 il\u00e7esi Bak\u0131r Mahallesi kav\u015fa\u011f\u0131nda meydana geldi. Edinilen bilgiye g\u00f6re, k\u0131rm\u0131z\u0131 \u0131\u015f\u0131k ihlali yapt\u0131\u011f\u0131 iddia edilen A.\u015e. y\u00f6netimindeki&#8230;<\/p>\n","protected":false},"author":1,"featured_media":43641,"comment_status":"open","ping_status":"open","sticky":false,"template":"","format":"standard","meta":{"_crdt_document":"","footnotes":""},"categories":[5],"tags":[],"class_list":["post-43640","post","type-post","status-publish","format-standard","has-post-thumbnail","hentry","category-asayis"],"_links":{"self":[{"href":"https:\/\/www.egemtv.com\/index.php?rest_route=\/wp\/v2\/posts\/43640","targetHints":{"allow":["GET"]}}],"collection":[{"href":"https:\/\/www.egemtv.com\/index.php?rest_route=\/wp\/v2\/posts"}],"about":[{"href":"https:\/\/www.egemtv.com\/index.php?rest_route=\/wp\/v2\/types\/post"}],"author":[{"embeddable":true,"href":"https:\/\/www.egemtv.com\/index.php?rest_route=\/wp\/v2\/users\/1"}],"replies":[{"embeddable":true,"href":"https:\/\/www.egemtv.com\/index.php?rest_route=%2Fwp%2Fv2%2Fcomments&post=43640"}],"version-history":[{"count":1,"href":"https:\/\/www.egemtv.com\/index.php?rest_route=\/wp\/v2\/posts\/43640\/revisions"}],"predecessor-version":[{"id":43642,"href":"https:\/\/www.egemtv.com\/index.php?rest_route=\/wp\/v2\/posts\/43640\/revisions\/43642"}],"wp:featuredmedia":[{"embeddable":true,"href":"https:\/\/www.egemtv.com\/index.php?rest_route=\/wp\/v2\/media\/43641"}],"wp:attachment":[{"href":"https:\/\/www.egemtv.com\/index.php?rest_route=%2Fwp%2Fv2%2Fmedia&parent=43640"}],"wp:term":[{"taxonomy":"category","embeddable":true,"href":"https:\/\/www.egemtv.com\/index.php?rest_route=%2Fwp%2Fv2%2Fcategories&post=43640"},{"taxonomy":"post_tag","embeddable":true,"href":"https:\/\/www.egemtv.com\/index.php?rest_route=%2Fwp%2Fv2%2Ftags&post=43640"}],"curies":[{"name":"wp","href":"https:\/\/api.w.org\/{rel}","templated":true}]}}