{"id":43580,"date":"2025-07-21T16:35:40","date_gmt":"2025-07-21T13:35:40","guid":{"rendered":"https:\/\/www.egemtv.com\/?p=43580"},"modified":"2025-07-21T16:35:42","modified_gmt":"2025-07-21T13:35:42","slug":"manisa-celal-bayar-universitesine-tam-akreditasyon","status":"publish","type":"post","link":"https:\/\/www.egemtv.com\/?p=43580","title":{"rendered":"Manisa Celal Bayar \u00dcniversitesi\u2019ne &#8220;Tam Akreditasyon&#8221;"},"content":{"rendered":"<p>Manisa Celal Bayar \u00dcniversitesi, Y\u00fcksek\u00f6\u011fretim Kalite Kurulu toplant\u0131s\u0131yla 5 y\u0131ll\u0131k Tam Akreditasyon stat\u00fcs\u00fcne y\u00fckseldi.<br \/>\n<br \/>Manisa Celal Bayar \u00dcniversitesi, 33 y\u0131l\u0131 a\u015fk\u0131n akademik ve idari deneyimini, ald\u0131\u011f\u0131 &#8220;Tam Akreditasyon&#8221; karar\u0131yla ta\u00e7land\u0131rd\u0131. \u00dcniversitenin 2022 y\u0131l\u0131nda almaya hak kazand\u0131\u011f\u0131 2 y\u0131ll\u0131k Ko\u015fullu Akreditasyon, y\u00fcr\u00fct\u00fclen kapsaml\u0131 iyile\u015ftirme \u00e7al\u0131\u015fmalar\u0131 neticesinde, Y\u00fcksek\u00f6\u011fretim Kalite Kurulu\u2019nun (Y\u00d6KAK) toplant\u0131s\u0131nda al\u0131nan kararla 5 y\u0131ll\u0131k Tam Akreditasyon stat\u00fcs\u00fcne y\u00fckseldi. Ko\u015fullu akreditasyon s\u00fcreci boyunca y\u00fcr\u00fct\u00fclen sistematik \u00e7al\u0131\u015fmalar sayesinde Liderlik, Y\u00f6neti\u015fim ve Kalite, E\u011fitim ve \u00d6\u011fretim, Ara\u015ft\u0131rma ve Geli\u015ftirme ve Toplumsal Katk\u0131 alanlar\u0131nda \u00f6nemli geli\u015fmeler sa\u011fland\u0131. Bu sayede \u00fcniversitenin kalite g\u00fcvencesi sistemi kurumsal ve s\u00fcrd\u00fcr\u00fclebilir bir yap\u0131ya kavu\u015fturuldu. Y\u00d6KAK taraf\u0131ndan y\u00fcr\u00fct\u00fclen Kurumsal Akreditasyon Program\u0131 (KAP) kapsam\u0131nda ger\u00e7ekle\u015ftirilen ara de\u011ferlendirme, Manisa Celal Bayar \u00dcniversitesi\u2019nin y\u00fcksek\u00f6\u011fretim kalite standartlar\u0131n\u0131 ba\u015far\u0131yla kar\u015f\u0131lad\u0131\u011f\u0131n\u0131 tescilledi.<\/p>\n<p>&#8220;Bu ba\u015far\u0131 kurumsal i\u015f birli\u011fi ve kararl\u0131l\u0131\u011f\u0131m\u0131z\u0131n eseri&#8221;<br \/>\n<br \/>Konuya ili\u015fkin de\u011ferlendirmelerde bulunan Rekt\u00f6r Prof. Dr. Rana Kibar, bu \u00f6nemli geli\u015fmenin kurumsal i\u015f birli\u011fi ve kararl\u0131l\u0131kla elde edildi\u011fini belirterek &#8220;\u00dcniversitemizin y\u00fcksek\u00f6\u011fretimde kalite g\u00fcvencesi yolculu\u011funda \u00f6nemli bir e\u015fi\u011fi daha geride b\u0131rakm\u0131\u015f bulunuyoruz. Y\u00fcksek\u00f6\u011fretim Kalite Kurulu (Y\u00d6KAK) taraf\u0131ndan verilen Tam Akreditasyon karar\u0131, Manisa Celal Bayar \u00dcniversitesi\u2019nin kurumsal olgunlu\u011funu, s\u00fcrd\u00fcr\u00fclebilir kalite anlay\u0131\u015f\u0131n\u0131 ve akademik-idari b\u00fct\u00fcnl\u00fc\u011f\u00fcn\u00fc teyit eden en \u00fcst d\u00fczey onayd\u0131r. Bu ba\u015far\u0131, bug\u00fcne kadar yapt\u0131klar\u0131m\u0131z\u0131n yan\u0131 s\u0131ra gelece\u011fe d\u00f6n\u00fck g\u00fc\u00e7l\u00fc vizyonumuzun da bir g\u00f6stergesidir&#8221; dedi.<\/p>\n<p>&#8220;Kaliteyi bir hedef de\u011fil k\u00fclt\u00fcr olarak benimsiyoruz&#8221;<br \/>\n<br \/>\u00dcniversitenin kaliteyi bir hedef de\u011fil bir k\u00fclt\u00fcr olarak benimsedi\u011fini vurgulayan Rekt\u00f6r Kibar, &#8220;\u00dcniversitemiz, bu kararla birlikte ulusal ve uluslararas\u0131 alandaki sayg\u0131nl\u0131\u011f\u0131n\u0131 diploma bilgisi ile daha da peki\u015ftirmi\u015ftir.  Akademik-idari personel ve \u00f6\u011frencilerin ortak eme\u011fiyle ger\u00e7ekle\u015fen bu ba\u015far\u0131; e\u011fitim-\u00f6\u011fretim, ara\u015ft\u0131rma-geli\u015ftirme ve toplumsal katk\u0131 alanlar\u0131nda daha ileri hedeflere y\u00fcr\u00fcmemiz i\u00e7in bizlere ilham vermektedir. Geride b\u0131rakt\u0131\u011f\u0131m\u0131z ko\u015fullu akreditasyon s\u00fcrecinde gerekli iyile\u015ftirmeleri b\u00fcy\u00fck bir \u00f6zveriyle hayata ge\u00e7iren ve bu ba\u015far\u0131ya katk\u0131 sa\u011flayan akademik ve idari personelimiz, \u00f6\u011frencilerimiz, t\u00fcm i\u00e7 ve d\u0131\u015f payda\u015flar\u0131m\u0131za te\u015fekk\u00fcr ederim&#8221; ifadelerini kulland\u0131.<br \/>\n<br \/>Rekt\u00f6r Kibar ayr\u0131ca y\u00fcksek\u00f6\u011fretimde kalite k\u00fclt\u00fcr\u00fcn\u00fcn yerle\u015fmesine \u00f6nc\u00fcl\u00fck eden Y\u00fcksek \u00d6\u011fretim Kalite Kuruluna te\u015fekk\u00fcr ederek, kurulun \u00fcniversitelerin kalite ve akreditasyon s\u00fcre\u00e7lerine y\u00f6n veren kritik bir akt\u00f6r oldu\u011funu vurgulad\u0131.<br \/><\/p>\n","protected":false},"excerpt":{"rendered":"<p>Manisa Celal Bayar \u00dcniversitesi, Y\u00fcksek\u00f6\u011fretim Kalite Kurulu toplant\u0131s\u0131yla 5 y\u0131ll\u0131k Tam Akreditasyon stat\u00fcs\u00fcne y\u00fckseldi. Manisa Celal Bayar \u00dcniversitesi, 33 y\u0131l\u0131 a\u015fk\u0131n akademik ve idari deneyimini, ald\u0131\u011f\u0131 &#8220;Tam Akreditasyon&#8221; karar\u0131yla ta\u00e7land\u0131rd\u0131. \u00dcniversitenin 2022 y\u0131l\u0131nda almaya hak kazand\u0131\u011f\u0131 2 y\u0131ll\u0131k Ko\u015fullu Akreditasyon, y\u00fcr\u00fct\u00fclen kapsaml\u0131 iyile\u015ftirme \u00e7al\u0131\u015fmalar\u0131 neticesinde, Y\u00fcksek\u00f6\u011fretim Kalite Kurulu\u2019nun (Y\u00d6KAK) toplant\u0131s\u0131nda al\u0131nan kararla 5 y\u0131ll\u0131k Tam&#8230;<\/p>\n","protected":false},"author":1,"featured_media":43581,"comment_status":"open","ping_status":"open","sticky":false,"template":"","format":"standard","meta":{"_crdt_document":"","footnotes":""},"categories":[1],"tags":[],"class_list":["post-43580","post","type-post","status-publish","format-standard","has-post-thumbnail","hentry","category-guncel"],"_links":{"self":[{"href":"https:\/\/www.egemtv.com\/index.php?rest_route=\/wp\/v2\/posts\/43580","targetHints":{"allow":["GET"]}}],"collection":[{"href":"https:\/\/www.egemtv.com\/index.php?rest_route=\/wp\/v2\/posts"}],"about":[{"href":"https:\/\/www.egemtv.com\/index.php?rest_route=\/wp\/v2\/types\/post"}],"author":[{"embeddable":true,"href":"https:\/\/www.egemtv.com\/index.php?rest_route=\/wp\/v2\/users\/1"}],"replies":[{"embeddable":true,"href":"https:\/\/www.egemtv.com\/index.php?rest_route=%2Fwp%2Fv2%2Fcomments&post=43580"}],"version-history":[{"count":1,"href":"https:\/\/www.egemtv.com\/index.php?rest_route=\/wp\/v2\/posts\/43580\/revisions"}],"predecessor-version":[{"id":43582,"href":"https:\/\/www.egemtv.com\/index.php?rest_route=\/wp\/v2\/posts\/43580\/revisions\/43582"}],"wp:featuredmedia":[{"embeddable":true,"href":"https:\/\/www.egemtv.com\/index.php?rest_route=\/wp\/v2\/media\/43581"}],"wp:attachment":[{"href":"https:\/\/www.egemtv.com\/index.php?rest_route=%2Fwp%2Fv2%2Fmedia&parent=43580"}],"wp:term":[{"taxonomy":"category","embeddable":true,"href":"https:\/\/www.egemtv.com\/index.php?rest_route=%2Fwp%2Fv2%2Fcategories&post=43580"},{"taxonomy":"post_tag","embeddable":true,"href":"https:\/\/www.egemtv.com\/index.php?rest_route=%2Fwp%2Fv2%2Ftags&post=43580"}],"curies":[{"name":"wp","href":"https:\/\/api.w.org\/{rel}","templated":true}]}}