{"id":43577,"date":"2025-07-21T16:35:36","date_gmt":"2025-07-21T13:35:36","guid":{"rendered":"https:\/\/www.egemtv.com\/?p=43577"},"modified":"2025-07-21T16:35:39","modified_gmt":"2025-07-21T13:35:39","slug":"aydinli-sporcular-sampiyonadan-basarilarla-dondu","status":"publish","type":"post","link":"https:\/\/www.egemtv.com\/?p=43577","title":{"rendered":"Ayd\u0131nl\u0131 sporcular, \u015fampiyonadan ba\u015far\u0131larla d\u00f6nd\u00fc"},"content":{"rendered":"<p>Konya\u2019da d\u00fczenlenen T\u00fcrkiye Anadolu Y\u0131ld\u0131zlar Ligi (ANAL\u0130G) Atletizm T\u00fcrkiye Finalleri\u2019nde m\u00fccadele eden Ayd\u0131nl\u0131 sporcular, turnuvadan derecelerle d\u00f6nd\u00fc.<\/p>\n<p>T\u00fcrkiye Anadolu Y\u0131ld\u0131zlar Ligi (ANAL\u0130G) Atletizm T\u00fcrkiye Finalleri, Konya\u2019n\u0131n ev sahipli\u011finde ger\u00e7ekle\u015ftirildi. Turnuvada Ayd\u0131n\u2019\u0131 temsil eden sporcular ise \u00f6nemli dereceler elde ederek b\u00fcy\u00fck bir ba\u015far\u0131ya imza att\u0131. 80 metre k\u0131zlar kategorisinde yar\u0131\u015fan Elifnur Belk\u0131ran sergiledi\u011fi \u00fcst\u00fcn performansla T\u00fcrkiye \u00fc\u00e7\u00fcnc\u00fcs\u00fc olarak k\u00fcrs\u00fcde yer ald\u0131. Erkekler 5&#215;80 metre bayrak yar\u0131\u015f\u0131nda ise Faik Efe Kozan, Naci Din\u00e7, Mustafa Erkay, Kaan \u00c7ini ve Yahya \u00d6zdemir\u2019den olu\u015fan Ayd\u0131n Erkek Bayrak Tak\u0131m\u0131 T\u00fcrkiye d\u00f6rd\u00fcnc\u00fcs\u00fc olmay\u0131 ba\u015fard\u0131.<\/p>\n<p>Genel tak\u0131m puan s\u0131ralamas\u0131nda ise Ayd\u0131n Erkek Atletizm Karmas\u0131, toplamda 691 puan toplayarak T\u00fcrkiye d\u00f6rd\u00fcnc\u00fcs\u00fc oldu.<\/p>\n<p>Ayd\u0131n Gen\u00e7lik ve Spor \u0130l M\u00fcd\u00fcrl\u00fc\u011f\u00fc\u2019nden yap\u0131lan a\u00e7\u0131klamada &#8220;Bireysel ve tak\u0131m kategorilerinde dereceye giren sporcular\u0131m\u0131z\u0131 ve antren\u00f6rlerini tebrik ederiz. Gen\u00e7 sporcular\u0131m\u0131z\u0131n g\u00f6sterdi\u011fi azim, disiplin ve tak\u0131m ruhunun takdire \u015fayand\u0131r. Bu ba\u015far\u0131lar gelecek nesillere de ilham kayna\u011f\u0131 olacakt\u0131r&#8221; ifadeleri yer ald\u0131.<br \/><\/p>\n","protected":false},"excerpt":{"rendered":"<p>Konya\u2019da d\u00fczenlenen T\u00fcrkiye Anadolu Y\u0131ld\u0131zlar Ligi (ANAL\u0130G) Atletizm T\u00fcrkiye Finalleri\u2019nde m\u00fccadele eden Ayd\u0131nl\u0131 sporcular, turnuvadan derecelerle d\u00f6nd\u00fc. T\u00fcrkiye Anadolu Y\u0131ld\u0131zlar Ligi (ANAL\u0130G) Atletizm T\u00fcrkiye Finalleri, Konya\u2019n\u0131n ev sahipli\u011finde ger\u00e7ekle\u015ftirildi. Turnuvada Ayd\u0131n\u2019\u0131 temsil eden sporcular ise \u00f6nemli dereceler elde ederek b\u00fcy\u00fck bir ba\u015far\u0131ya imza att\u0131. 80 metre k\u0131zlar kategorisinde yar\u0131\u015fan Elifnur Belk\u0131ran sergiledi\u011fi \u00fcst\u00fcn performansla T\u00fcrkiye&#8230;<\/p>\n","protected":false},"author":1,"featured_media":43578,"comment_status":"open","ping_status":"open","sticky":false,"template":"","format":"standard","meta":{"_crdt_document":"","footnotes":""},"categories":[1],"tags":[],"class_list":["post-43577","post","type-post","status-publish","format-standard","has-post-thumbnail","hentry","category-guncel"],"_links":{"self":[{"href":"https:\/\/www.egemtv.com\/index.php?rest_route=\/wp\/v2\/posts\/43577","targetHints":{"allow":["GET"]}}],"collection":[{"href":"https:\/\/www.egemtv.com\/index.php?rest_route=\/wp\/v2\/posts"}],"about":[{"href":"https:\/\/www.egemtv.com\/index.php?rest_route=\/wp\/v2\/types\/post"}],"author":[{"embeddable":true,"href":"https:\/\/www.egemtv.com\/index.php?rest_route=\/wp\/v2\/users\/1"}],"replies":[{"embeddable":true,"href":"https:\/\/www.egemtv.com\/index.php?rest_route=%2Fwp%2Fv2%2Fcomments&post=43577"}],"version-history":[{"count":1,"href":"https:\/\/www.egemtv.com\/index.php?rest_route=\/wp\/v2\/posts\/43577\/revisions"}],"predecessor-version":[{"id":43579,"href":"https:\/\/www.egemtv.com\/index.php?rest_route=\/wp\/v2\/posts\/43577\/revisions\/43579"}],"wp:featuredmedia":[{"embeddable":true,"href":"https:\/\/www.egemtv.com\/index.php?rest_route=\/wp\/v2\/media\/43578"}],"wp:attachment":[{"href":"https:\/\/www.egemtv.com\/index.php?rest_route=%2Fwp%2Fv2%2Fmedia&parent=43577"}],"wp:term":[{"taxonomy":"category","embeddable":true,"href":"https:\/\/www.egemtv.com\/index.php?rest_route=%2Fwp%2Fv2%2Fcategories&post=43577"},{"taxonomy":"post_tag","embeddable":true,"href":"https:\/\/www.egemtv.com\/index.php?rest_route=%2Fwp%2Fv2%2Ftags&post=43577"}],"curies":[{"name":"wp","href":"https:\/\/api.w.org\/{rel}","templated":true}]}}