{"id":43574,"date":"2025-07-21T16:15:22","date_gmt":"2025-07-21T13:15:22","guid":{"rendered":"https:\/\/www.egemtv.com\/?p=43574"},"modified":"2025-07-21T16:15:24","modified_gmt":"2025-07-21T13:15:24","slug":"45-salihli-fsk-taner-esere-emanet","status":"publish","type":"post","link":"https:\/\/www.egemtv.com\/?p=43574","title":{"rendered":"45 Salihli FSK, Taner Eser\u2019e emanet"},"content":{"rendered":"<p>Manisa S\u00fcper Amat\u00f6r K\u00fcme\u2019nin yeni ekiplerinden 45 Salihli FSK\u2019da teknik direkt\u00f6rl\u00fck g\u00f6revine Taner Eser getirildi.<br \/>\n<br \/>Salihli\u2019yi Manisa S\u00fcper Amat\u00f6r K\u00fcme\u2019de Salihli Belediyespor, 1984 Salihlispor ve Seyrantepespor ile birlikte temsil edecek olan 45 Salihli FSK, Teknik Direkt\u00f6r Taner Eser ile anla\u015fma sa\u011flad\u0131.<br \/>\n<br \/>Kul\u00fcp Ba\u015fkan\u0131 \u0130smail \u00d6zcan ile y\u00f6netim kurulu \u00fcyelerinin kat\u0131ld\u0131\u011f\u0131 t\u00f6renle Taner Eser, resmi s\u00f6zle\u015fmeye imza att\u0131. Hedefi olan bir kul\u00fcbe geldi\u011fini ifade eden Eser, Salihli\u2019yi S\u00fcper Amat\u00f6r K\u00fcme\u2019de en iyi \u015fekilde temsil edeceklerini s\u00f6yledi.<br \/>\n<br \/>\u00d6te yandan Eser\u2019in yard\u0131mc\u0131l\u0131k g\u00f6revini Abdurrahman G\u00fcnda\u011f\u2019\u0131n yapaca\u011f\u0131 \u00f6\u011frenildi.<br \/><\/p>\n","protected":false},"excerpt":{"rendered":"<p>Manisa S\u00fcper Amat\u00f6r K\u00fcme\u2019nin yeni ekiplerinden 45 Salihli FSK\u2019da teknik direkt\u00f6rl\u00fck g\u00f6revine Taner Eser getirildi. Salihli\u2019yi Manisa S\u00fcper Amat\u00f6r K\u00fcme\u2019de Salihli Belediyespor, 1984 Salihlispor ve Seyrantepespor ile birlikte temsil edecek olan 45 Salihli FSK, Teknik Direkt\u00f6r Taner Eser ile anla\u015fma sa\u011flad\u0131. Kul\u00fcp Ba\u015fkan\u0131 \u0130smail \u00d6zcan ile y\u00f6netim kurulu \u00fcyelerinin kat\u0131ld\u0131\u011f\u0131 t\u00f6renle Taner Eser, resmi s\u00f6zle\u015fmeye&#8230;<\/p>\n","protected":false},"author":1,"featured_media":43575,"comment_status":"open","ping_status":"open","sticky":false,"template":"","format":"standard","meta":{"_crdt_document":"","footnotes":""},"categories":[4],"tags":[],"class_list":["post-43574","post","type-post","status-publish","format-standard","has-post-thumbnail","hentry","category-spor"],"_links":{"self":[{"href":"https:\/\/www.egemtv.com\/index.php?rest_route=\/wp\/v2\/posts\/43574","targetHints":{"allow":["GET"]}}],"collection":[{"href":"https:\/\/www.egemtv.com\/index.php?rest_route=\/wp\/v2\/posts"}],"about":[{"href":"https:\/\/www.egemtv.com\/index.php?rest_route=\/wp\/v2\/types\/post"}],"author":[{"embeddable":true,"href":"https:\/\/www.egemtv.com\/index.php?rest_route=\/wp\/v2\/users\/1"}],"replies":[{"embeddable":true,"href":"https:\/\/www.egemtv.com\/index.php?rest_route=%2Fwp%2Fv2%2Fcomments&post=43574"}],"version-history":[{"count":1,"href":"https:\/\/www.egemtv.com\/index.php?rest_route=\/wp\/v2\/posts\/43574\/revisions"}],"predecessor-version":[{"id":43576,"href":"https:\/\/www.egemtv.com\/index.php?rest_route=\/wp\/v2\/posts\/43574\/revisions\/43576"}],"wp:featuredmedia":[{"embeddable":true,"href":"https:\/\/www.egemtv.com\/index.php?rest_route=\/wp\/v2\/media\/43575"}],"wp:attachment":[{"href":"https:\/\/www.egemtv.com\/index.php?rest_route=%2Fwp%2Fv2%2Fmedia&parent=43574"}],"wp:term":[{"taxonomy":"category","embeddable":true,"href":"https:\/\/www.egemtv.com\/index.php?rest_route=%2Fwp%2Fv2%2Fcategories&post=43574"},{"taxonomy":"post_tag","embeddable":true,"href":"https:\/\/www.egemtv.com\/index.php?rest_route=%2Fwp%2Fv2%2Ftags&post=43574"}],"curies":[{"name":"wp","href":"https:\/\/api.w.org\/{rel}","templated":true}]}}