{"id":43571,"date":"2025-07-21T16:15:19","date_gmt":"2025-07-21T13:15:19","guid":{"rendered":"https:\/\/www.egemtv.com\/?p=43571"},"modified":"2025-07-21T16:15:22","modified_gmt":"2025-07-21T13:15:22","slug":"egirdirde-suphelenilen-4-kisiden-kazma-ve-dedektorler-ele-gecirildi","status":"publish","type":"post","link":"https:\/\/www.egemtv.com\/?p=43571","title":{"rendered":"E\u011firdir\u2019de \u015f\u00fcphelenilen 4 ki\u015fiden kazma ve dedekt\u00f6rler ele ge\u00e7irildi"},"content":{"rendered":"<p>Isparta\u2019n\u0131n E\u011firdir il\u00e7esi Barla K\u00f6y\u00fc\u2019nde jandarman\u0131n devriyesi s\u0131ras\u0131nda \u015f\u00fcphelenilen 4 ki\u015finin a\u011fa\u00e7l\u0131k alana gizledi\u011fi dedekt\u00f6r ve kazma gibi malzemeler ele ge\u00e7irildi. \u015e\u00fcpheliler ifadeleri al\u0131nmak \u00fczere karakola g\u00f6t\u00fcr\u00fcld\u00fc.<br \/>\n<br \/>Olay, Isparta\u2019n\u0131n E\u011firdir il\u00e7esine ba\u011fl\u0131 Barla k\u00f6y\u00fc Boyal\u0131 mevkiinde meydana geldi. E\u011firdir \u0130l\u00e7e Jandarma Komutanl\u0131\u011f\u0131 ekipleri taraf\u0131ndan y\u00fcr\u00fct\u00fclen \u00f6nleyici devriye faaliyeti s\u0131ras\u0131nda, \u015f\u00fcpheli hareketlerde bulunan R.K., A.K., Y.M.\u00c7. ve M.K.\u2019yi durdurdu. \u015e\u00fcphelilerin kimlik kontrol\u00fc sonras\u0131nda olay yerinde yap\u0131lan aramalarda a\u011fa\u00e7l\u0131k alan i\u00e7erisinde gizlenmi\u015f halde 3 adet dedekt\u00f6r, 1 adet kulakl\u0131k ve 2 adet kazma bulundu. Ele ge\u00e7irilen malzemelere el konulurken, \u015f\u00fcpheliler ifadeleri al\u0131nmak \u00fczere karakola g\u00f6t\u00fcr\u00fcld\u00fc.<br \/>\n<br \/>Olayla ilgili inceleme ba\u015flat\u0131ld\u0131.<br \/><\/p>\n","protected":false},"excerpt":{"rendered":"<p>Isparta\u2019n\u0131n E\u011firdir il\u00e7esi Barla K\u00f6y\u00fc\u2019nde jandarman\u0131n devriyesi s\u0131ras\u0131nda \u015f\u00fcphelenilen 4 ki\u015finin a\u011fa\u00e7l\u0131k alana gizledi\u011fi dedekt\u00f6r ve kazma gibi malzemeler ele ge\u00e7irildi. \u015e\u00fcpheliler ifadeleri al\u0131nmak \u00fczere karakola g\u00f6t\u00fcr\u00fcld\u00fc. Olay, Isparta\u2019n\u0131n E\u011firdir il\u00e7esine ba\u011fl\u0131 Barla k\u00f6y\u00fc Boyal\u0131 mevkiinde meydana geldi. E\u011firdir \u0130l\u00e7e Jandarma Komutanl\u0131\u011f\u0131 ekipleri taraf\u0131ndan y\u00fcr\u00fct\u00fclen \u00f6nleyici devriye faaliyeti s\u0131ras\u0131nda, \u015f\u00fcpheli hareketlerde bulunan R.K., A.K., Y.M.\u00c7&#8230;.<\/p>\n","protected":false},"author":1,"featured_media":43572,"comment_status":"open","ping_status":"open","sticky":false,"template":"","format":"standard","meta":{"_crdt_document":"","footnotes":""},"categories":[5],"tags":[],"class_list":["post-43571","post","type-post","status-publish","format-standard","has-post-thumbnail","hentry","category-asayis"],"_links":{"self":[{"href":"https:\/\/www.egemtv.com\/index.php?rest_route=\/wp\/v2\/posts\/43571","targetHints":{"allow":["GET"]}}],"collection":[{"href":"https:\/\/www.egemtv.com\/index.php?rest_route=\/wp\/v2\/posts"}],"about":[{"href":"https:\/\/www.egemtv.com\/index.php?rest_route=\/wp\/v2\/types\/post"}],"author":[{"embeddable":true,"href":"https:\/\/www.egemtv.com\/index.php?rest_route=\/wp\/v2\/users\/1"}],"replies":[{"embeddable":true,"href":"https:\/\/www.egemtv.com\/index.php?rest_route=%2Fwp%2Fv2%2Fcomments&post=43571"}],"version-history":[{"count":1,"href":"https:\/\/www.egemtv.com\/index.php?rest_route=\/wp\/v2\/posts\/43571\/revisions"}],"predecessor-version":[{"id":43573,"href":"https:\/\/www.egemtv.com\/index.php?rest_route=\/wp\/v2\/posts\/43571\/revisions\/43573"}],"wp:featuredmedia":[{"embeddable":true,"href":"https:\/\/www.egemtv.com\/index.php?rest_route=\/wp\/v2\/media\/43572"}],"wp:attachment":[{"href":"https:\/\/www.egemtv.com\/index.php?rest_route=%2Fwp%2Fv2%2Fmedia&parent=43571"}],"wp:term":[{"taxonomy":"category","embeddable":true,"href":"https:\/\/www.egemtv.com\/index.php?rest_route=%2Fwp%2Fv2%2Fcategories&post=43571"},{"taxonomy":"post_tag","embeddable":true,"href":"https:\/\/www.egemtv.com\/index.php?rest_route=%2Fwp%2Fv2%2Ftags&post=43571"}],"curies":[{"name":"wp","href":"https:\/\/api.w.org\/{rel}","templated":true}]}}