{"id":43568,"date":"2025-07-21T16:15:16","date_gmt":"2025-07-21T13:15:16","guid":{"rendered":"https:\/\/www.egemtv.com\/?p=43568"},"modified":"2025-07-21T16:15:19","modified_gmt":"2025-07-21T13:15:19","slug":"izmirde-yaban-hayvanlari-icin-tankerle-su-tasindi","status":"publish","type":"post","link":"https:\/\/www.egemtv.com\/?p=43568","title":{"rendered":"\u0130zmir\u2019de yaban hayvanlar\u0131 i\u00e7in tankerle su ta\u015f\u0131nd\u0131"},"content":{"rendered":"<p>\u0130zmir\u2019in Alia\u011fa il\u00e7esinde, kurakl\u0131k nedeniyle su s\u0131k\u0131nt\u0131s\u0131 ya\u015fayan yaban hayvanlar\u0131 i\u00e7in b\u00f6lgeye tankerle su ta\u015f\u0131nd\u0131.<br \/>\n<br \/>Alia\u011fa Belediyesi, Helvac\u0131 b\u00f6lgesinde ya\u015fanan kurakl\u0131k nedeniyle su s\u0131k\u0131nt\u0131s\u0131 \u00e7eken hayvanlar i\u00e7in \u00e7al\u0131\u015fma ba\u015flatt\u0131. Yaban hayvanlar\u0131n\u0131n su ihtiyac\u0131n\u0131n kar\u015f\u0131lanmas\u0131 i\u00e7in b\u00f6lgeye getirilen su tankerinden kuruyan g\u00f6letlere su bas\u0131ld\u0131.<br \/>\n<br \/>Yaban hayvanlar\u0131n\u0131n korunmas\u0131 i\u00e7in su ta\u015f\u0131ma \u00e7al\u0131\u015fmalar\u0131na devam edilece\u011fi bildirildi.<br \/><\/p>\n","protected":false},"excerpt":{"rendered":"<p>\u0130zmir\u2019in Alia\u011fa il\u00e7esinde, kurakl\u0131k nedeniyle su s\u0131k\u0131nt\u0131s\u0131 ya\u015fayan yaban hayvanlar\u0131 i\u00e7in b\u00f6lgeye tankerle su ta\u015f\u0131nd\u0131. Alia\u011fa Belediyesi, Helvac\u0131 b\u00f6lgesinde ya\u015fanan kurakl\u0131k nedeniyle su s\u0131k\u0131nt\u0131s\u0131 \u00e7eken hayvanlar i\u00e7in \u00e7al\u0131\u015fma ba\u015flatt\u0131. Yaban hayvanlar\u0131n\u0131n su ihtiyac\u0131n\u0131n kar\u015f\u0131lanmas\u0131 i\u00e7in b\u00f6lgeye getirilen su tankerinden kuruyan g\u00f6letlere su bas\u0131ld\u0131. Yaban hayvanlar\u0131n\u0131n korunmas\u0131 i\u00e7in su ta\u015f\u0131ma \u00e7al\u0131\u015fmalar\u0131na devam edilece\u011fi bildirildi.<\/p>\n","protected":false},"author":1,"featured_media":43569,"comment_status":"open","ping_status":"open","sticky":false,"template":"","format":"standard","meta":{"_crdt_document":"","footnotes":""},"categories":[1],"tags":[],"class_list":["post-43568","post","type-post","status-publish","format-standard","has-post-thumbnail","hentry","category-guncel"],"_links":{"self":[{"href":"https:\/\/www.egemtv.com\/index.php?rest_route=\/wp\/v2\/posts\/43568","targetHints":{"allow":["GET"]}}],"collection":[{"href":"https:\/\/www.egemtv.com\/index.php?rest_route=\/wp\/v2\/posts"}],"about":[{"href":"https:\/\/www.egemtv.com\/index.php?rest_route=\/wp\/v2\/types\/post"}],"author":[{"embeddable":true,"href":"https:\/\/www.egemtv.com\/index.php?rest_route=\/wp\/v2\/users\/1"}],"replies":[{"embeddable":true,"href":"https:\/\/www.egemtv.com\/index.php?rest_route=%2Fwp%2Fv2%2Fcomments&post=43568"}],"version-history":[{"count":1,"href":"https:\/\/www.egemtv.com\/index.php?rest_route=\/wp\/v2\/posts\/43568\/revisions"}],"predecessor-version":[{"id":43570,"href":"https:\/\/www.egemtv.com\/index.php?rest_route=\/wp\/v2\/posts\/43568\/revisions\/43570"}],"wp:featuredmedia":[{"embeddable":true,"href":"https:\/\/www.egemtv.com\/index.php?rest_route=\/wp\/v2\/media\/43569"}],"wp:attachment":[{"href":"https:\/\/www.egemtv.com\/index.php?rest_route=%2Fwp%2Fv2%2Fmedia&parent=43568"}],"wp:term":[{"taxonomy":"category","embeddable":true,"href":"https:\/\/www.egemtv.com\/index.php?rest_route=%2Fwp%2Fv2%2Fcategories&post=43568"},{"taxonomy":"post_tag","embeddable":true,"href":"https:\/\/www.egemtv.com\/index.php?rest_route=%2Fwp%2Fv2%2Ftags&post=43568"}],"curies":[{"name":"wp","href":"https:\/\/api.w.org\/{rel}","templated":true}]}}