{"id":43565,"date":"2025-07-21T16:15:13","date_gmt":"2025-07-21T13:15:13","guid":{"rendered":"https:\/\/www.egemtv.com\/?p=43565"},"modified":"2025-07-21T16:15:16","modified_gmt":"2025-07-21T13:15:16","slug":"torbalida-kagit-fabrikasindaki-yangina-mudahale-suruyor","status":"publish","type":"post","link":"https:\/\/www.egemtv.com\/?p=43565","title":{"rendered":"Torbal\u0131\u2019da ka\u011f\u0131t fabrikas\u0131ndaki yang\u0131na m\u00fcdahale s\u00fcr\u00fcyor"},"content":{"rendered":"<p>\u0130zmir\u2019in Torbal\u0131 il\u00e7esindeki bir ka\u011f\u0131t fabrikas\u0131nda \u00e7\u0131kan yang\u0131na itfaiye ekiplerince m\u00fcdahale ediliyor.<br \/>\n<br \/>Torbal\u0131 il\u00e7esi Yedi Eyl\u00fcl Mahallesi\u2019ndeki organize sanayi b\u00f6lgesinde bulunan bir ka\u011f\u0131t fabrikas\u0131nda, \u00f6\u011fle saatlerinde yang\u0131n \u00e7\u0131kt\u0131. Fabrikadan \u00e7\u0131kan dumanlar g\u00f6ky\u00fcz\u00fcn\u00fc kaplarken \u00e7evredeki vatanda\u015flar\u0131n ihbar\u0131yla b\u00f6lgeye \u00e7ok say\u0131da itfaiye sevk edildi. Olay yerine gelen itfaiye ekipleri yang\u0131n\u0131 kontrol alt\u0131na almak i\u00e7in \u00e7al\u0131\u015fma ba\u015flatt\u0131. Hen\u00fcz \u00e7\u0131k\u0131\u015f nedeni belirlenemeyen yang\u0131na ekiplerin m\u00fcdahalesi s\u00fcr\u00fcyor.<br \/><\/p>\n","protected":false},"excerpt":{"rendered":"<p>\u0130zmir\u2019in Torbal\u0131 il\u00e7esindeki bir ka\u011f\u0131t fabrikas\u0131nda \u00e7\u0131kan yang\u0131na itfaiye ekiplerince m\u00fcdahale ediliyor. Torbal\u0131 il\u00e7esi Yedi Eyl\u00fcl Mahallesi\u2019ndeki organize sanayi b\u00f6lgesinde bulunan bir ka\u011f\u0131t fabrikas\u0131nda, \u00f6\u011fle saatlerinde yang\u0131n \u00e7\u0131kt\u0131. Fabrikadan \u00e7\u0131kan dumanlar g\u00f6ky\u00fcz\u00fcn\u00fc kaplarken \u00e7evredeki vatanda\u015flar\u0131n ihbar\u0131yla b\u00f6lgeye \u00e7ok say\u0131da itfaiye sevk edildi. Olay yerine gelen itfaiye ekipleri yang\u0131n\u0131 kontrol alt\u0131na almak i\u00e7in \u00e7al\u0131\u015fma ba\u015flatt\u0131. Hen\u00fcz&#8230;<\/p>\n","protected":false},"author":1,"featured_media":43566,"comment_status":"open","ping_status":"open","sticky":false,"template":"","format":"standard","meta":{"_crdt_document":"","footnotes":""},"categories":[5],"tags":[],"class_list":["post-43565","post","type-post","status-publish","format-standard","has-post-thumbnail","hentry","category-asayis"],"_links":{"self":[{"href":"https:\/\/www.egemtv.com\/index.php?rest_route=\/wp\/v2\/posts\/43565","targetHints":{"allow":["GET"]}}],"collection":[{"href":"https:\/\/www.egemtv.com\/index.php?rest_route=\/wp\/v2\/posts"}],"about":[{"href":"https:\/\/www.egemtv.com\/index.php?rest_route=\/wp\/v2\/types\/post"}],"author":[{"embeddable":true,"href":"https:\/\/www.egemtv.com\/index.php?rest_route=\/wp\/v2\/users\/1"}],"replies":[{"embeddable":true,"href":"https:\/\/www.egemtv.com\/index.php?rest_route=%2Fwp%2Fv2%2Fcomments&post=43565"}],"version-history":[{"count":1,"href":"https:\/\/www.egemtv.com\/index.php?rest_route=\/wp\/v2\/posts\/43565\/revisions"}],"predecessor-version":[{"id":43567,"href":"https:\/\/www.egemtv.com\/index.php?rest_route=\/wp\/v2\/posts\/43565\/revisions\/43567"}],"wp:featuredmedia":[{"embeddable":true,"href":"https:\/\/www.egemtv.com\/index.php?rest_route=\/wp\/v2\/media\/43566"}],"wp:attachment":[{"href":"https:\/\/www.egemtv.com\/index.php?rest_route=%2Fwp%2Fv2%2Fmedia&parent=43565"}],"wp:term":[{"taxonomy":"category","embeddable":true,"href":"https:\/\/www.egemtv.com\/index.php?rest_route=%2Fwp%2Fv2%2Fcategories&post=43565"},{"taxonomy":"post_tag","embeddable":true,"href":"https:\/\/www.egemtv.com\/index.php?rest_route=%2Fwp%2Fv2%2Ftags&post=43565"}],"curies":[{"name":"wp","href":"https:\/\/api.w.org\/{rel}","templated":true}]}}