{"id":43562,"date":"2025-07-21T15:56:03","date_gmt":"2025-07-21T12:56:03","guid":{"rendered":"https:\/\/www.egemtv.com\/?p=43562"},"modified":"2025-07-21T15:56:06","modified_gmt":"2025-07-21T12:56:06","slug":"namaglup-aydin-analig-hentbol-takimi-turkiye-sampiyonasina-yukseldi","status":"publish","type":"post","link":"https:\/\/www.egemtv.com\/?p=43562","title":{"rendered":"Nama\u011flup Ayd\u0131n Analig Hentbol tak\u0131m\u0131, T\u00fcrkiye \u015eampiyonas\u0131\u2019na y\u00fckseldi"},"content":{"rendered":"<p>Ayd\u0131n Gen\u00e7lik ve Spor \u0130l M\u00fcd\u00fcrl\u00fc\u011f\u00fc Analig Hentbol tak\u0131m\u0131, U\u015fak\u2019ta d\u00fczenlenen yar\u0131 final m\u00fcsabakalar\u0131n nama\u011flup tamamlay\u0131p T\u00fcrkiye \u015eampiyonas\u0131\u2019na kat\u0131lmaya hak kazand\u0131.<\/p>\n<p>Gen\u00e7lik ve Spor Bakanl\u0131\u011f\u0131 taraf\u0131ndan d\u00fczenlenen Anadolu Y\u0131ld\u0131zlar Ligi (ANAL\u0130G) Hentbol Yar\u0131 Final M\u00fcsabakalar\u0131, U\u015fak ilinde 8 tak\u0131m\u0131n kat\u0131l\u0131m\u0131yla ger\u00e7ekle\u015ftirildi. M\u00fcsabakalarda Ayd\u0131n\u2019\u0131 temsil eden Ayd\u0131n Analig Hentbol Tak\u0131m\u0131, t\u00fcm rakiplerini geride b\u0131rakarak ma\u00e7 kaybetmeden, nama\u011flup bir \u015fekilde birincilik elde etti. M\u00fcsabakalarda ba\u015far\u0131l\u0131 performans ortaya koyan Ayd\u0131n temsilcisi, 1-6 A\u011fustos 2025 tarihleri aras\u0131nda Samsun\u2019da d\u00fczenlenecek olan Anadolu Y\u0131ld\u0131zlar Ligi T\u00fcrkiye \u015eampiyonas\u0131\u2019na kat\u0131lmaya hak kazand\u0131.<\/p>\n<p>Konu ile ilgili Ayd\u0131n Gen\u00e7lik ve Spor \u0130l M\u00fcd\u00fcrl\u00fc\u011f\u00fc\u2019nden yap\u0131lan a\u00e7\u0131klamada &#8220;Gen\u00e7 sporcular\u0131m\u0131z\u0131n ortaya koydu\u011fu \u00fcst\u00fcn m\u00fccadele ve azimli performans, hem teknik ekip hem de spor camias\u0131 taraf\u0131ndan takdirle kar\u015f\u0131land\u0131. M\u00fcsabakalarda ilimizi ba\u015far\u0131yla temsil eden hentbol tak\u0131m\u0131m\u0131z\u0131, antren\u00f6rlerini ve eme\u011fi ge\u00e7en t\u00fcm teknik heyeti y\u00fcrekten tebrik ederiz. Sporcular\u0131m\u0131z\u0131n g\u00f6sterdi\u011fi \u00f6zveri ve tak\u0131m ruhunun, Ayd\u0131n\u2019\u0131n spordaki y\u00fckselen grafi\u011fini bir kez daha ortaya koydu&#8221; ifadeleri yer ald\u0131.<br \/><\/p>\n","protected":false},"excerpt":{"rendered":"<p>Ayd\u0131n Gen\u00e7lik ve Spor \u0130l M\u00fcd\u00fcrl\u00fc\u011f\u00fc Analig Hentbol tak\u0131m\u0131, U\u015fak\u2019ta d\u00fczenlenen yar\u0131 final m\u00fcsabakalar\u0131n nama\u011flup tamamlay\u0131p T\u00fcrkiye \u015eampiyonas\u0131\u2019na kat\u0131lmaya hak kazand\u0131. Gen\u00e7lik ve Spor Bakanl\u0131\u011f\u0131 taraf\u0131ndan d\u00fczenlenen Anadolu Y\u0131ld\u0131zlar Ligi (ANAL\u0130G) Hentbol Yar\u0131 Final M\u00fcsabakalar\u0131, U\u015fak ilinde 8 tak\u0131m\u0131n kat\u0131l\u0131m\u0131yla ger\u00e7ekle\u015ftirildi. M\u00fcsabakalarda Ayd\u0131n\u2019\u0131 temsil eden Ayd\u0131n Analig Hentbol Tak\u0131m\u0131, t\u00fcm rakiplerini geride b\u0131rakarak ma\u00e7 kaybetmeden,&#8230;<\/p>\n","protected":false},"author":1,"featured_media":43563,"comment_status":"open","ping_status":"open","sticky":false,"template":"","format":"standard","meta":{"_crdt_document":"","footnotes":""},"categories":[1],"tags":[],"class_list":["post-43562","post","type-post","status-publish","format-standard","has-post-thumbnail","hentry","category-guncel"],"_links":{"self":[{"href":"https:\/\/www.egemtv.com\/index.php?rest_route=\/wp\/v2\/posts\/43562","targetHints":{"allow":["GET"]}}],"collection":[{"href":"https:\/\/www.egemtv.com\/index.php?rest_route=\/wp\/v2\/posts"}],"about":[{"href":"https:\/\/www.egemtv.com\/index.php?rest_route=\/wp\/v2\/types\/post"}],"author":[{"embeddable":true,"href":"https:\/\/www.egemtv.com\/index.php?rest_route=\/wp\/v2\/users\/1"}],"replies":[{"embeddable":true,"href":"https:\/\/www.egemtv.com\/index.php?rest_route=%2Fwp%2Fv2%2Fcomments&post=43562"}],"version-history":[{"count":1,"href":"https:\/\/www.egemtv.com\/index.php?rest_route=\/wp\/v2\/posts\/43562\/revisions"}],"predecessor-version":[{"id":43564,"href":"https:\/\/www.egemtv.com\/index.php?rest_route=\/wp\/v2\/posts\/43562\/revisions\/43564"}],"wp:featuredmedia":[{"embeddable":true,"href":"https:\/\/www.egemtv.com\/index.php?rest_route=\/wp\/v2\/media\/43563"}],"wp:attachment":[{"href":"https:\/\/www.egemtv.com\/index.php?rest_route=%2Fwp%2Fv2%2Fmedia&parent=43562"}],"wp:term":[{"taxonomy":"category","embeddable":true,"href":"https:\/\/www.egemtv.com\/index.php?rest_route=%2Fwp%2Fv2%2Fcategories&post=43562"},{"taxonomy":"post_tag","embeddable":true,"href":"https:\/\/www.egemtv.com\/index.php?rest_route=%2Fwp%2Fv2%2Ftags&post=43562"}],"curies":[{"name":"wp","href":"https:\/\/api.w.org\/{rel}","templated":true}]}}