{"id":43559,"date":"2025-07-21T15:56:00","date_gmt":"2025-07-21T12:56:00","guid":{"rendered":"https:\/\/www.egemtv.com\/?p=43559"},"modified":"2025-07-21T15:56:03","modified_gmt":"2025-07-21T12:56:03","slug":"evinde-olu-bulunan-yaris-spikeri-topraga-verildi","status":"publish","type":"post","link":"https:\/\/www.egemtv.com\/?p=43559","title":{"rendered":"Evinde \u00f6l\u00fc bulunan yar\u0131\u015f spikeri topra\u011fa verildi"},"content":{"rendered":"<p>\u0130stanbul\u2019daki evinde \u00f6l\u00fc olarak bulunan yar\u0131\u015f spikeri Esen G\u00f6k, memleketi Ayd\u0131n\u2019\u0131n Nazilli il\u00e7esinde g\u00f6zya\u015flar\u0131 i\u00e7erisinde topra\u011fa verildi.<br \/>\n<br \/>Edinilen bilgiye g\u00f6re, Bak\u0131rk\u00f6y Osmaniye Mahallesi Fildam\u0131 Soka\u011f\u0131\u2019nda bir sitede ikamet eden T\u00fcrkiye\u2019nin ilk kad\u0131n yar\u0131\u015f spikerlerinden 39 ya\u015f\u0131ndaki Esen G\u00f6k\u2019ten 2 g\u00fcnd\u00fcr haber alamayan arkada\u015flar\u0131, G\u00f6k\u2019\u00fcn evine geldi. 112 Acil \u00c7a\u011fr\u0131 Merkezi\u2019ne yap\u0131lan ihbar \u00fczerine b\u00f6lgeye polis ve sa\u011fl\u0131k ekipleri sevk edildi. K\u0131sa s\u00fcrede olay yerine gelen ekipler \u00e7ilingir marifeti ile girdikleri evde gen\u00e7 spiker G\u00f6k\u2019\u00fcn cans\u0131z bedeni ile kar\u015f\u0131la\u015ft\u0131. G\u00f6k\u2019\u00fcn \u00f6l\u00fcm haberini alan arkada\u015flar\u0131 ve ailesi yasa bo\u011fuldu.<br \/>\n<br \/>Ailesi taraf\u0131ndan Adli T\u0131p Kurumu\u2019ndan teslim al\u0131nan spikerin cenazesi Ayd\u0131n\u2019\u0131n Nazilli il\u00e7esi Zafer Mahallesi Yavuz Selim Camii\u2019ne getirildi. \u00d6\u011fle namaz\u0131n\u0131 m\u00fcteakip k\u0131l\u0131nan cenaze namaz\u0131n\u0131n ard\u0131ndan G\u00f6k\u2019\u00fcn cenazesi E\u011friboyun Mezarl\u0131\u011f\u0131\u2019nda topra\u011fa verildi. Cenazeye Esen G\u00f6k\u2019\u00fcn ailesi ve yak\u0131nlar\u0131 kat\u0131l\u0131rken, gen\u00e7 spiker annesi \u015eadiye ve babas\u0131 Yusuf G\u00f6k taziyeleri kabul etti.<br \/><\/p>\n","protected":false},"excerpt":{"rendered":"<p>\u0130stanbul\u2019daki evinde \u00f6l\u00fc olarak bulunan yar\u0131\u015f spikeri Esen G\u00f6k, memleketi Ayd\u0131n\u2019\u0131n Nazilli il\u00e7esinde g\u00f6zya\u015flar\u0131 i\u00e7erisinde topra\u011fa verildi. Edinilen bilgiye g\u00f6re, Bak\u0131rk\u00f6y Osmaniye Mahallesi Fildam\u0131 Soka\u011f\u0131\u2019nda bir sitede ikamet eden T\u00fcrkiye\u2019nin ilk kad\u0131n yar\u0131\u015f spikerlerinden 39 ya\u015f\u0131ndaki Esen G\u00f6k\u2019ten 2 g\u00fcnd\u00fcr haber alamayan arkada\u015flar\u0131, G\u00f6k\u2019\u00fcn evine geldi. 112 Acil \u00c7a\u011fr\u0131 Merkezi\u2019ne yap\u0131lan ihbar \u00fczerine b\u00f6lgeye polis&#8230;<\/p>\n","protected":false},"author":1,"featured_media":43560,"comment_status":"open","ping_status":"open","sticky":false,"template":"","format":"standard","meta":{"_crdt_document":"","footnotes":""},"categories":[5],"tags":[],"class_list":["post-43559","post","type-post","status-publish","format-standard","has-post-thumbnail","hentry","category-asayis"],"_links":{"self":[{"href":"https:\/\/www.egemtv.com\/index.php?rest_route=\/wp\/v2\/posts\/43559","targetHints":{"allow":["GET"]}}],"collection":[{"href":"https:\/\/www.egemtv.com\/index.php?rest_route=\/wp\/v2\/posts"}],"about":[{"href":"https:\/\/www.egemtv.com\/index.php?rest_route=\/wp\/v2\/types\/post"}],"author":[{"embeddable":true,"href":"https:\/\/www.egemtv.com\/index.php?rest_route=\/wp\/v2\/users\/1"}],"replies":[{"embeddable":true,"href":"https:\/\/www.egemtv.com\/index.php?rest_route=%2Fwp%2Fv2%2Fcomments&post=43559"}],"version-history":[{"count":1,"href":"https:\/\/www.egemtv.com\/index.php?rest_route=\/wp\/v2\/posts\/43559\/revisions"}],"predecessor-version":[{"id":43561,"href":"https:\/\/www.egemtv.com\/index.php?rest_route=\/wp\/v2\/posts\/43559\/revisions\/43561"}],"wp:featuredmedia":[{"embeddable":true,"href":"https:\/\/www.egemtv.com\/index.php?rest_route=\/wp\/v2\/media\/43560"}],"wp:attachment":[{"href":"https:\/\/www.egemtv.com\/index.php?rest_route=%2Fwp%2Fv2%2Fmedia&parent=43559"}],"wp:term":[{"taxonomy":"category","embeddable":true,"href":"https:\/\/www.egemtv.com\/index.php?rest_route=%2Fwp%2Fv2%2Fcategories&post=43559"},{"taxonomy":"post_tag","embeddable":true,"href":"https:\/\/www.egemtv.com\/index.php?rest_route=%2Fwp%2Fv2%2Ftags&post=43559"}],"curies":[{"name":"wp","href":"https:\/\/api.w.org\/{rel}","templated":true}]}}