{"id":43556,"date":"2025-07-21T15:55:57","date_gmt":"2025-07-21T12:55:57","guid":{"rendered":"https:\/\/www.egemtv.com\/?p=43556"},"modified":"2025-07-21T15:56:00","modified_gmt":"2025-07-21T12:56:00","slug":"muglanin-dogal-guzellikleri-buyuksehir-eliyle-korunuyor","status":"publish","type":"post","link":"https:\/\/www.egemtv.com\/?p=43556","title":{"rendered":"Mu\u011fla\u2019n\u0131n do\u011fal g\u00fczellikleri B\u00fcy\u00fck\u015fehir eliyle korunuyor"},"content":{"rendered":"<p>Mu\u011fla B\u00fcy\u00fck\u015fehir Belediyesi, K\u00f6yce\u011fiz G\u00f6l\u00fc ve Dalyan Kanal\u0131\u2019nda y\u00fczey temizli\u011fi \u00e7al\u0131\u015fmalar\u0131na ba\u015flad\u0131. B\u00f6lgeye sevk edilen MU\u011eLA BB-3 isimli Acil M\u00fcdahale Teknesi, su y\u00fczeyindeki kat\u0131 at\u0131klar\u0131 toplayarak \u00e7evre kirlili\u011fini \u00f6nlemeyi ama\u00e7l\u0131yor.<\/p>\n<p>Fethiye Liman\u0131\u2019ndan ge\u00e7ici olarak g\u00f6revlendirilen ve modern donan\u0131m\u0131yla dikkat \u00e7eken MU\u011eLA BB-3, \u00fczerinde bulunan hidrolik konvey\u00f6r sistemi sayesinde g\u00f6l ve kanallarda etkili temizlik \u00e7al\u0131\u015fmalar\u0131 y\u00fcr\u00fct\u00fcyor. Temizlik \u00e7al\u0131\u015fmalar\u0131n\u0131n ba\u015flamas\u0131yla birlikte su \u00fcst\u00fcndeki plastik, bitki ve di\u011fer kat\u0131 at\u0131klar toplanarak do\u011fal ya\u015fam\u0131n korunmas\u0131na katk\u0131 sa\u011flan\u0131yor.<\/p>\n<p>Mu\u011fla B\u00fcy\u00fck\u015fehir Belediyesi\u2019ne ait olan MU\u011eLA BB-3 teknesi; deniz yang\u0131nlar\u0131na m\u00fcdahale, deniz ara\u00e7lar\u0131n\u0131n yedeklenmesi, y\u00fczey kirlili\u011finin giderilmesi ve acil tahliye gibi \u00e7ok y\u00f6nl\u00fc g\u00f6revleri yerine getirebiliyor. 9,90 metre uzunlu\u011fa, 5,5 metre geni\u015fli\u011fe sahip olan ve 4 metrek\u00fcp at\u0131k toplama kapasitesi bulunan tekne, b\u00f6lgede \u00e7evre sa\u011fl\u0131\u011f\u0131 a\u00e7\u0131s\u0131ndan \u00f6nemli bir g\u00f6revi \u00fcstleniyor.<\/p>\n<p>Ba\u015fkan Aras: &#8220;Do\u011fam\u0131z\u0131 gelece\u011fe temiz b\u0131rakmak g\u00f6revimiz&#8221;<br \/>\n<br \/>K\u0131y\u0131 Ege Belediyeler Birli\u011fi ve Mu\u011fla B\u00fcy\u00fck\u015fehir Belediye Ba\u015fkan\u0131 Ahmet Aras, &#8220;Mu\u011fla\u2019m\u0131z\u0131n en \u00f6nemli do\u011fal alanlar\u0131ndan biri olan K\u00f6yce\u011fiz G\u00f6l\u00fc ve Dalyan Kanal\u0131\u2019n\u0131 korumak hepimizin sorumlulu\u011fu. B\u00fcy\u00fck\u015fehir olarak teknolojik imk\u00e2nlar\u0131m\u0131z\u0131 do\u011fa i\u00e7in seferber ediyor, y\u00fczey temizliklerinden at\u0131k su ar\u0131tma yat\u0131r\u0131mlar\u0131na kadar bir\u00e7ok alanda \u00e7evreci \u00e7al\u0131\u015fmalar y\u00fcr\u00fct\u00fcyoruz. Amac\u0131m\u0131z; bug\u00fcn\u00fc temiz, yar\u0131n\u0131 s\u00fcrd\u00fcr\u00fclebilir k\u0131lmak.&#8221; dedi.<br \/><\/p>\n","protected":false},"excerpt":{"rendered":"<p>Mu\u011fla B\u00fcy\u00fck\u015fehir Belediyesi, K\u00f6yce\u011fiz G\u00f6l\u00fc ve Dalyan Kanal\u0131\u2019nda y\u00fczey temizli\u011fi \u00e7al\u0131\u015fmalar\u0131na ba\u015flad\u0131. B\u00f6lgeye sevk edilen MU\u011eLA BB-3 isimli Acil M\u00fcdahale Teknesi, su y\u00fczeyindeki kat\u0131 at\u0131klar\u0131 toplayarak \u00e7evre kirlili\u011fini \u00f6nlemeyi ama\u00e7l\u0131yor. Fethiye Liman\u0131\u2019ndan ge\u00e7ici olarak g\u00f6revlendirilen ve modern donan\u0131m\u0131yla dikkat \u00e7eken MU\u011eLA BB-3, \u00fczerinde bulunan hidrolik konvey\u00f6r sistemi sayesinde g\u00f6l ve kanallarda etkili temizlik \u00e7al\u0131\u015fmalar\u0131 y\u00fcr\u00fct\u00fcyor&#8230;.<\/p>\n","protected":false},"author":1,"featured_media":43557,"comment_status":"open","ping_status":"open","sticky":false,"template":"","format":"standard","meta":{"_crdt_document":"","footnotes":""},"categories":[1],"tags":[],"class_list":["post-43556","post","type-post","status-publish","format-standard","has-post-thumbnail","hentry","category-guncel"],"_links":{"self":[{"href":"https:\/\/www.egemtv.com\/index.php?rest_route=\/wp\/v2\/posts\/43556","targetHints":{"allow":["GET"]}}],"collection":[{"href":"https:\/\/www.egemtv.com\/index.php?rest_route=\/wp\/v2\/posts"}],"about":[{"href":"https:\/\/www.egemtv.com\/index.php?rest_route=\/wp\/v2\/types\/post"}],"author":[{"embeddable":true,"href":"https:\/\/www.egemtv.com\/index.php?rest_route=\/wp\/v2\/users\/1"}],"replies":[{"embeddable":true,"href":"https:\/\/www.egemtv.com\/index.php?rest_route=%2Fwp%2Fv2%2Fcomments&post=43556"}],"version-history":[{"count":1,"href":"https:\/\/www.egemtv.com\/index.php?rest_route=\/wp\/v2\/posts\/43556\/revisions"}],"predecessor-version":[{"id":43558,"href":"https:\/\/www.egemtv.com\/index.php?rest_route=\/wp\/v2\/posts\/43556\/revisions\/43558"}],"wp:featuredmedia":[{"embeddable":true,"href":"https:\/\/www.egemtv.com\/index.php?rest_route=\/wp\/v2\/media\/43557"}],"wp:attachment":[{"href":"https:\/\/www.egemtv.com\/index.php?rest_route=%2Fwp%2Fv2%2Fmedia&parent=43556"}],"wp:term":[{"taxonomy":"category","embeddable":true,"href":"https:\/\/www.egemtv.com\/index.php?rest_route=%2Fwp%2Fv2%2Fcategories&post=43556"},{"taxonomy":"post_tag","embeddable":true,"href":"https:\/\/www.egemtv.com\/index.php?rest_route=%2Fwp%2Fv2%2Ftags&post=43556"}],"curies":[{"name":"wp","href":"https:\/\/api.w.org\/{rel}","templated":true}]}}