{"id":43553,"date":"2025-07-21T15:55:55","date_gmt":"2025-07-21T12:55:55","guid":{"rendered":"https:\/\/www.egemtv.com\/?p=43553"},"modified":"2025-07-21T15:55:57","modified_gmt":"2025-07-21T12:55:57","slug":"pinarbasi-yuzme-havuzunda-yillar-sonra-ilk-kulac-atildi","status":"publish","type":"post","link":"https:\/\/www.egemtv.com\/?p=43553","title":{"rendered":"P\u0131narba\u015f\u0131 Y\u00fczme Havuzu\u2019nda y\u0131llar sonra ilk kula\u00e7 at\u0131ld\u0131"},"content":{"rendered":"<p>Ayd\u0131n\u2019\u0131n Efeler il\u00e7esinde bulunan ve uzun s\u00fcre at\u0131l durumda kalan P\u0131narba\u015f\u0131 Y\u00fczme Havuzlar\u0131\u2019nda ba\u015flat\u0131lan \u00e7al\u0131\u015fmalar\u0131n tamamlanmas\u0131n\u0131n ard\u0131ndan hizmete a\u00e7\u0131lan tesiste yakla\u015f\u0131k 15 y\u0131l sonra ilk kula\u00e7 at\u0131ld\u0131.<\/p>\n<p>Zafer Mahallesi s\u0131n\u0131rlar\u0131 i\u00e7inde bulunan P\u0131narba\u015f\u0131 mevkiinde 1950\u2019li y\u0131llarda yap\u0131lan ve uzun s\u00fcre kullan\u0131ld\u0131ktan sonra yakla\u015f\u0131k 15 y\u0131ld\u0131r at\u0131l vaziyette olan y\u00fczme havuzu yeniden hizmete kazand\u0131r\u0131ld\u0131. Gen\u00e7lik ve Spor Bakanl\u0131\u011f\u0131\u2019n\u0131n P\u0131narba\u015f\u0131 A\u00e7\u0131k ve Kapal\u0131 Yar\u0131 Olimpik Y\u00fczme Havuzu projesi kapsam\u0131nda ba\u015flat\u0131lan \u00e7al\u0131\u015fmalar\u0131n tamamlanmas\u0131n\u0131n ard\u0131ndan hizmete a\u00e7\u0131lan tesiste y\u0131llar sonra ilk kula\u00e7 at\u0131ld\u0131.<\/p>\n<p>2 bin 902 metrekare in\u015faat alanl\u0131 A\u00e7\u0131k ve Kapal\u0131 Yar\u0131 Olimpik Y\u00fczme Havuzu, bodrum, zemin ve +1 kattan olu\u015furken, iki katl\u0131 tasar\u0131m\u0131 bulunan tesiste \u00e7ocuk havuzu, sauna, buhar odas\u0131, soyunma, du\u015f alanlar\u0131 gibi donan\u0131mlar yer al\u0131yor. A\u00e7\u0131k ve kapal\u0131 yar\u0131 olimpik y\u00fczme havuzuyla d\u00f6rt mevsim kesintisiz hizmet verecek \u015fekilde tasarlanan tesis, ayr\u0131ca FINA standartlar\u0131na da uygun olarak hizmet vermeye ba\u015flad\u0131.<\/p>\n<p>Konu ile ilgili Ayd\u0131n Gen\u00e7lik ve Spor \u0130l M\u00fcd\u00fcrl\u00fc\u011f\u00fc\u2019nden yap\u0131lan a\u00e7\u0131klamada &#8220;Ayd\u0131n\u2019da y\u00fczme sporuna kazand\u0131r\u0131lan en \u00f6nemli yat\u0131r\u0131mlardan biri olan P\u0131narba\u015f\u0131 Y\u00fczme Havuzu, tamamlanarak hizmete a\u00e7\u0131ld\u0131. Gen\u00e7lik ve Spor Bakanl\u0131\u011f\u0131\u2019n\u0131n destekleriyle hayata ge\u00e7irilen tesis, \u2018Y\u00fczme Bilmeyen Kalmas\u0131n\u2019 projesi kapsam\u0131nda d\u00fczenlenen ilk y\u00fczme e\u011fitimiyle birlikte faaliyete ge\u00e7ti. Efeler il\u00e7esi Zafer Mahallesi P\u0131narba\u015f\u0131 mevkiinde do\u011fayla i\u00e7 i\u00e7e bir konumda yer alan tesis, a\u00e7\u0131l\u0131\u015f\u0131yla birlikte y\u00fczlerce \u00e7ocu\u011fa y\u00fczme sporuyla tan\u0131\u015fma f\u0131rsat\u0131 sundu. Ayd\u0131n Gen\u00e7lik ve Spor \u0130l M\u00fcd\u00fcrl\u00fc\u011f\u00fc koordinesinde ba\u015flat\u0131lan e\u011fitimler, uzman antren\u00f6rler e\u015fli\u011finde ger\u00e7ekle\u015ftiriliyor. \u00c7ocuklar\u0131n temel y\u00fczme becerilerini kazanmalar\u0131 ve suya g\u00fcvenle adapte olmalar\u0131 amac\u0131yla y\u00fcr\u00fct\u00fclen programlara yo\u011fun kat\u0131l\u0131m sa\u011fland\u0131. P\u0131narba\u015f\u0131 Y\u00fczme Havuzu, serbest y\u00fczme imkan\u0131n\u0131n yan\u0131 s\u0131ra okul spor etkinlikleri, kul\u00fcp antrenmanlar\u0131 ve lisansl\u0131 sporculara y\u00f6nelik faaliyetlere de ev sahipli\u011fi yapacak. Tesisteki sosyal alanlar ve konfor odakl\u0131 tasar\u0131m sayesinde, vatanda\u015flar\u0131n hem spor yapabilecekleri hem de dinlenebilecekleri bir ortam olu\u015fturuldu. Ayd\u0131n\u2019da spor altyap\u0131s\u0131n\u0131n g\u00fc\u00e7lendirilmesi ve her ya\u015ftan bireyin y\u00fczme sporuyla tan\u0131\u015ft\u0131r\u0131lmas\u0131 hedefi do\u011frultusunda hizmete al\u0131nan P\u0131narba\u015f\u0131 Y\u00fczme Havuzu\u2019nun, \u00f6zellikle \u00e7ocuklar ve gen\u00e7ler \u00fczerinde uzun vadeli olumlu etkiler olu\u015fturmas\u0131 bekleniyor&#8221; ifadeleri yer ald\u0131.<br \/><\/p>\n","protected":false},"excerpt":{"rendered":"<p>Ayd\u0131n\u2019\u0131n Efeler il\u00e7esinde bulunan ve uzun s\u00fcre at\u0131l durumda kalan P\u0131narba\u015f\u0131 Y\u00fczme Havuzlar\u0131\u2019nda ba\u015flat\u0131lan \u00e7al\u0131\u015fmalar\u0131n tamamlanmas\u0131n\u0131n ard\u0131ndan hizmete a\u00e7\u0131lan tesiste yakla\u015f\u0131k 15 y\u0131l sonra ilk kula\u00e7 at\u0131ld\u0131. Zafer Mahallesi s\u0131n\u0131rlar\u0131 i\u00e7inde bulunan P\u0131narba\u015f\u0131 mevkiinde 1950\u2019li y\u0131llarda yap\u0131lan ve uzun s\u00fcre kullan\u0131ld\u0131ktan sonra yakla\u015f\u0131k 15 y\u0131ld\u0131r at\u0131l vaziyette olan y\u00fczme havuzu yeniden hizmete kazand\u0131r\u0131ld\u0131. Gen\u00e7lik ve&#8230;<\/p>\n","protected":false},"author":1,"featured_media":43554,"comment_status":"open","ping_status":"open","sticky":false,"template":"","format":"standard","meta":{"_crdt_document":"","footnotes":""},"categories":[1],"tags":[],"class_list":["post-43553","post","type-post","status-publish","format-standard","has-post-thumbnail","hentry","category-guncel"],"_links":{"self":[{"href":"https:\/\/www.egemtv.com\/index.php?rest_route=\/wp\/v2\/posts\/43553","targetHints":{"allow":["GET"]}}],"collection":[{"href":"https:\/\/www.egemtv.com\/index.php?rest_route=\/wp\/v2\/posts"}],"about":[{"href":"https:\/\/www.egemtv.com\/index.php?rest_route=\/wp\/v2\/types\/post"}],"author":[{"embeddable":true,"href":"https:\/\/www.egemtv.com\/index.php?rest_route=\/wp\/v2\/users\/1"}],"replies":[{"embeddable":true,"href":"https:\/\/www.egemtv.com\/index.php?rest_route=%2Fwp%2Fv2%2Fcomments&post=43553"}],"version-history":[{"count":1,"href":"https:\/\/www.egemtv.com\/index.php?rest_route=\/wp\/v2\/posts\/43553\/revisions"}],"predecessor-version":[{"id":43555,"href":"https:\/\/www.egemtv.com\/index.php?rest_route=\/wp\/v2\/posts\/43553\/revisions\/43555"}],"wp:featuredmedia":[{"embeddable":true,"href":"https:\/\/www.egemtv.com\/index.php?rest_route=\/wp\/v2\/media\/43554"}],"wp:attachment":[{"href":"https:\/\/www.egemtv.com\/index.php?rest_route=%2Fwp%2Fv2%2Fmedia&parent=43553"}],"wp:term":[{"taxonomy":"category","embeddable":true,"href":"https:\/\/www.egemtv.com\/index.php?rest_route=%2Fwp%2Fv2%2Fcategories&post=43553"},{"taxonomy":"post_tag","embeddable":true,"href":"https:\/\/www.egemtv.com\/index.php?rest_route=%2Fwp%2Fv2%2Ftags&post=43553"}],"curies":[{"name":"wp","href":"https:\/\/api.w.org\/{rel}","templated":true}]}}