{"id":43547,"date":"2025-07-21T15:35:07","date_gmt":"2025-07-21T12:35:07","guid":{"rendered":"https:\/\/www.egemtv.com\/?p=43547"},"modified":"2025-07-21T15:35:09","modified_gmt":"2025-07-21T12:35:09","slug":"parkin-bakimsizligi-tepkilere-neden-oldu","status":"publish","type":"post","link":"https:\/\/www.egemtv.com\/?p=43547","title":{"rendered":"Park\u0131n bak\u0131ms\u0131zl\u0131\u011f\u0131 tepkilere neden oldu"},"content":{"rendered":"<p>K\u00fctahya\u2019n\u0131n Hisarc\u0131k il\u00e7esi Kar\u015f\u0131yaka Mahallesinde yer alan Belediyeye ait park alan\u0131n\u0131n bak\u0131ms\u0131zl\u0131k nedeniyle halk\u0131n tepkisine neden oluyor.<br \/>\n<br \/>Parka giri\u015fteki yaya kald\u0131r\u0131m\u0131nda b\u00fcy\u00fcyen otlar, s\u00f6k\u00fclm\u00fc\u015f halde duran kilitli parke ta\u015flar\u0131 yayalar i\u00e7in tehlike arz ediyor. Do\u011fru d\u00fcr\u00fcst \u00e7al\u0131\u015fmayan sulama sistemleri nedeniyle park\u0131n \u00fcst taraf\u0131nda otlar tamamen sarar\u0131rken, alt taraf\u0131 ise \u00e7amurdan ge\u00e7ilmiyor. Yeterli sulama yap\u0131lmad\u0131\u011f\u0131 i\u00e7in park kenar\u0131ndaki a\u011fa\u00e7lar kurumaya y\u00f6n tutmu\u015f durumda. Tuvaletleri g\u00f6steren y\u00f6n levhas\u0131 yok. Bay bayan yaz\u0131lar\u0131 bulunmuyor. Ayr\u0131ca veliler zemini kau\u00e7uk olmayan \u00e7ocuk oyun gurubunun beton zemininin \u00e7ocuklar\u0131 i\u00e7in tehlike olu\u015fturdu\u011funu ifade ettiler. Vatanda\u015flar belediyeden ailelerin \u00f6zellikle geceleri dinlenmek ve piknik yapmak i\u00e7in geldikleri parkta yeterli bak\u0131m\u0131n yap\u0131lmas\u0131n\u0131 istediler.<br \/><\/p>\n","protected":false},"excerpt":{"rendered":"<p>K\u00fctahya\u2019n\u0131n Hisarc\u0131k il\u00e7esi Kar\u015f\u0131yaka Mahallesinde yer alan Belediyeye ait park alan\u0131n\u0131n bak\u0131ms\u0131zl\u0131k nedeniyle halk\u0131n tepkisine neden oluyor. Parka giri\u015fteki yaya kald\u0131r\u0131m\u0131nda b\u00fcy\u00fcyen otlar, s\u00f6k\u00fclm\u00fc\u015f halde duran kilitli parke ta\u015flar\u0131 yayalar i\u00e7in tehlike arz ediyor. Do\u011fru d\u00fcr\u00fcst \u00e7al\u0131\u015fmayan sulama sistemleri nedeniyle park\u0131n \u00fcst taraf\u0131nda otlar tamamen sarar\u0131rken, alt taraf\u0131 ise \u00e7amurdan ge\u00e7ilmiyor. Yeterli sulama yap\u0131lmad\u0131\u011f\u0131 i\u00e7in&#8230;<\/p>\n","protected":false},"author":1,"featured_media":43548,"comment_status":"open","ping_status":"open","sticky":false,"template":"","format":"standard","meta":{"_crdt_document":"","footnotes":""},"categories":[1],"tags":[],"class_list":["post-43547","post","type-post","status-publish","format-standard","has-post-thumbnail","hentry","category-guncel"],"_links":{"self":[{"href":"https:\/\/www.egemtv.com\/index.php?rest_route=\/wp\/v2\/posts\/43547","targetHints":{"allow":["GET"]}}],"collection":[{"href":"https:\/\/www.egemtv.com\/index.php?rest_route=\/wp\/v2\/posts"}],"about":[{"href":"https:\/\/www.egemtv.com\/index.php?rest_route=\/wp\/v2\/types\/post"}],"author":[{"embeddable":true,"href":"https:\/\/www.egemtv.com\/index.php?rest_route=\/wp\/v2\/users\/1"}],"replies":[{"embeddable":true,"href":"https:\/\/www.egemtv.com\/index.php?rest_route=%2Fwp%2Fv2%2Fcomments&post=43547"}],"version-history":[{"count":1,"href":"https:\/\/www.egemtv.com\/index.php?rest_route=\/wp\/v2\/posts\/43547\/revisions"}],"predecessor-version":[{"id":43549,"href":"https:\/\/www.egemtv.com\/index.php?rest_route=\/wp\/v2\/posts\/43547\/revisions\/43549"}],"wp:featuredmedia":[{"embeddable":true,"href":"https:\/\/www.egemtv.com\/index.php?rest_route=\/wp\/v2\/media\/43548"}],"wp:attachment":[{"href":"https:\/\/www.egemtv.com\/index.php?rest_route=%2Fwp%2Fv2%2Fmedia&parent=43547"}],"wp:term":[{"taxonomy":"category","embeddable":true,"href":"https:\/\/www.egemtv.com\/index.php?rest_route=%2Fwp%2Fv2%2Fcategories&post=43547"},{"taxonomy":"post_tag","embeddable":true,"href":"https:\/\/www.egemtv.com\/index.php?rest_route=%2Fwp%2Fv2%2Ftags&post=43547"}],"curies":[{"name":"wp","href":"https:\/\/api.w.org\/{rel}","templated":true}]}}