{"id":43544,"date":"2025-07-21T15:35:04","date_gmt":"2025-07-21T12:35:04","guid":{"rendered":"https:\/\/www.egemtv.com\/?p=43544"},"modified":"2025-07-21T15:35:07","modified_gmt":"2025-07-21T12:35:07","slug":"sosyal-medyada-yayilan-sahte-tatil-ilanlari-yuzunden-bircok-turist-magdur-oluyor","status":"publish","type":"post","link":"https:\/\/www.egemtv.com\/?p=43544","title":{"rendered":"Sosyal medyada yay\u0131lan sahte tatil ilanlar\u0131 y\u00fcz\u00fcnden bir\u00e7ok turist ma\u011fdur oluyor"},"content":{"rendered":"<p>Mu\u011fla\u2019n\u0131n Bodrum il\u00e7esine gelen yerli ve yabanc\u0131 turistler, sahte rezervasyonlar nedeniyle ma\u011fduriyet ya\u015famaya ba\u015flad\u0131. Turizmci i\u015f insan\u0131 B\u00fclent Kaya, sosyal medyada dola\u015fan sahte tatil ilanlar\u0131n\u0131n ciddi ma\u011fduriyetlere yol a\u00e7t\u0131\u011f\u0131n\u0131 belirterek, vatanda\u015flara \u00f6nemli uyar\u0131larda bulundu.<\/p>\n<p>Turizmin g\u00f6zbebe\u011fi Bodrum\u2019da Temmuz ay\u0131n\u0131n ikinci haftas\u0131nda ba\u015flayan yo\u011funlukla birlikte, sahte rezervasyon kaynakl\u0131 doland\u0131r\u0131c\u0131l\u0131k g\u00fcndeme geldi. Tatil i\u00e7in Bodrum\u2019a gelen bir\u00e7ok turist, internet \u00fczerinden yapt\u0131klar\u0131 otel ve villa rezervasyonlar\u0131n\u0131n sahte oldu\u011funu \u00f6\u011frenince ma\u011fdur oluyor. Bodrum\u2019daki Azka Otel\u2019in sahibi turizmci i\u015f insan\u0131 B\u00fclent Kaya, sosyal medyada dola\u015fan sahte tatil ilanlar\u0131n\u0131n ciddi ma\u011fduriyetlere yol a\u00e7t\u0131\u011f\u0131n\u0131 belirterek, vatanda\u015flara \u00f6nemli uyar\u0131larda bulundu. Kaya, &#8220;10 bin TL\u2019lik tatili 8 bine buldu\u011funu sananlar kand\u0131r\u0131l\u0131yor. Otelin kap\u0131s\u0131na geldiklerinde rezervasyonlar\u0131 olmad\u0131\u011f\u0131n\u0131 \u00f6\u011freniyorlar. Sonra da ne yaz\u0131k ki yap\u0131lacak pek bir \u015fey kalm\u0131yor&#8221; dedi.<\/p>\n<p>Temmuz ay\u0131n\u0131n genel dolulu\u011funun fena olmad\u0131\u011f\u0131n\u0131 ancak \u00f6zellikle d\u0131\u015f mekan i\u015fletmelerinde d\u00fc\u015f\u00fc\u015f ya\u015fand\u0131\u011f\u0131n\u0131 s\u00f6yleyen Kaya, bu durumun en b\u00fcy\u00fck nedenlerinden birinin sosyal medya kaynakl\u0131 bilgi kirlili\u011fi oldu\u011funu dile getirdi.<\/p>\n<p>&#8220;Ucuz ilanlara kanmay\u0131n, i\u015fletmeyi mutlaka aray\u0131n&#8221;<br \/>\n<br \/>Kaya, \u00f6zellikle sosyal medya reklamlar\u0131yla \u2018\u00e7ok ucuza tatil\u2019 vaadinde bulunan ki\u015fi ve platformlara kar\u015f\u0131 vatanda\u015flar\u0131n temkinli olmas\u0131 gerekti\u011fini vurgulayarak, &#8220;\u0130nsanlar sorgulamadan \u00f6deme yap\u0131yor. Sonra doland\u0131r\u0131ld\u0131\u011f\u0131n\u0131 fark ediyor ama i\u015f i\u015ften ge\u00e7mi\u015f oluyor. En az\u0131ndan i\u015fletmeyi aray\u0131p \u2018Sizinle \u00e7al\u0131\u015fan bir firma m\u0131?\u2019 diye sormak bir telefon kadar kolay. Ama yap\u0131lm\u0131yor&#8221; dedi.<\/p>\n<p>&#8220;Fiyat k\u0131yaslamalar\u0131 ger\u00e7e\u011fi yans\u0131tm\u0131yor&#8221;<br \/>\n<br \/>Baz\u0131 tatilcilerin be\u015f y\u0131ld\u0131zl\u0131 otellerle b\u00fct\u00e7e dostu se\u00e7enekleri kar\u015f\u0131la\u015ft\u0131rd\u0131\u011f\u0131n\u0131 ifade eden Kaya, &#8220;Herkes en iyi yerde, en l\u00fcks otelde tatil yapmak istiyor ama fiyatlar buna g\u00f6re de\u011fi\u015fiyor. Fiyat fark\u0131; lokasyondan, giderlerden, personel kalitesinden kaynaklan\u0131yor. Bunu g\u00f6z ard\u0131 etmek yanl\u0131\u015f k\u0131yaslamalara yol a\u00e7\u0131yor&#8221; ifadelerini kulland\u0131.<\/p>\n<p>&#8220;Turist d\u0131\u015far\u0131 \u00e7\u0131km\u0131yor, esnaf etkileniyor&#8221;<br \/>\n<br \/>Sosyal medyada dola\u015fan olumsuz yorum ve videolar\u0131n, turistlerin davran\u0131\u015flar\u0131n\u0131 da de\u011fi\u015ftirdi\u011fine dikkat \u00e7eken Kaya, &#8220;Yerli ve yabanc\u0131 turistler art\u0131k otelden d\u0131\u015far\u0131 \u00e7\u0131kmamay\u0131 tercih ediyor. Bu da b\u00f6lge esnaf\u0131n\u0131 olumsuz etkiliyor. Asl\u0131nda u\u00e7u\u015f say\u0131lar\u0131nda ya da otel doluluklar\u0131nda b\u00fcy\u00fck bir d\u00fc\u015f\u00fc\u015f yok, ama d\u0131\u015f harcamalar azal\u0131yor&#8221; diye konu\u015ftu.<\/p>\n<p>B\u00fclent Kaya, sosyal medya \u00fczerinden yap\u0131lan manip\u00fclatif payla\u015f\u0131mlar\u0131n takip\u00e7i ve izlenme u\u011fruna insanlar\u0131n tatil planlar\u0131n\u0131 bozdu\u011funu belirterek, hem vatanda\u015flar\u0131n daha bilin\u00e7li hareket etmesi hem de sosyal medya platformlar\u0131n\u0131n daha s\u0131k\u0131 denetlenmesi gerekti\u011fini vurgulad\u0131.<br \/><\/p>\n","protected":false},"excerpt":{"rendered":"<p>Mu\u011fla\u2019n\u0131n Bodrum il\u00e7esine gelen yerli ve yabanc\u0131 turistler, sahte rezervasyonlar nedeniyle ma\u011fduriyet ya\u015famaya ba\u015flad\u0131. Turizmci i\u015f insan\u0131 B\u00fclent Kaya, sosyal medyada dola\u015fan sahte tatil ilanlar\u0131n\u0131n ciddi ma\u011fduriyetlere yol a\u00e7t\u0131\u011f\u0131n\u0131 belirterek, vatanda\u015flara \u00f6nemli uyar\u0131larda bulundu. Turizmin g\u00f6zbebe\u011fi Bodrum\u2019da Temmuz ay\u0131n\u0131n ikinci haftas\u0131nda ba\u015flayan yo\u011funlukla birlikte, sahte rezervasyon kaynakl\u0131 doland\u0131r\u0131c\u0131l\u0131k g\u00fcndeme geldi. Tatil i\u00e7in Bodrum\u2019a gelen bir\u00e7ok&#8230;<\/p>\n","protected":false},"author":1,"featured_media":43545,"comment_status":"open","ping_status":"open","sticky":false,"template":"","format":"standard","meta":{"_crdt_document":"","footnotes":""},"categories":[1],"tags":[],"class_list":["post-43544","post","type-post","status-publish","format-standard","has-post-thumbnail","hentry","category-guncel"],"_links":{"self":[{"href":"https:\/\/www.egemtv.com\/index.php?rest_route=\/wp\/v2\/posts\/43544","targetHints":{"allow":["GET"]}}],"collection":[{"href":"https:\/\/www.egemtv.com\/index.php?rest_route=\/wp\/v2\/posts"}],"about":[{"href":"https:\/\/www.egemtv.com\/index.php?rest_route=\/wp\/v2\/types\/post"}],"author":[{"embeddable":true,"href":"https:\/\/www.egemtv.com\/index.php?rest_route=\/wp\/v2\/users\/1"}],"replies":[{"embeddable":true,"href":"https:\/\/www.egemtv.com\/index.php?rest_route=%2Fwp%2Fv2%2Fcomments&post=43544"}],"version-history":[{"count":1,"href":"https:\/\/www.egemtv.com\/index.php?rest_route=\/wp\/v2\/posts\/43544\/revisions"}],"predecessor-version":[{"id":43546,"href":"https:\/\/www.egemtv.com\/index.php?rest_route=\/wp\/v2\/posts\/43544\/revisions\/43546"}],"wp:featuredmedia":[{"embeddable":true,"href":"https:\/\/www.egemtv.com\/index.php?rest_route=\/wp\/v2\/media\/43545"}],"wp:attachment":[{"href":"https:\/\/www.egemtv.com\/index.php?rest_route=%2Fwp%2Fv2%2Fmedia&parent=43544"}],"wp:term":[{"taxonomy":"category","embeddable":true,"href":"https:\/\/www.egemtv.com\/index.php?rest_route=%2Fwp%2Fv2%2Fcategories&post=43544"},{"taxonomy":"post_tag","embeddable":true,"href":"https:\/\/www.egemtv.com\/index.php?rest_route=%2Fwp%2Fv2%2Ftags&post=43544"}],"curies":[{"name":"wp","href":"https:\/\/api.w.org\/{rel}","templated":true}]}}