{"id":43541,"date":"2025-07-21T14:56:00","date_gmt":"2025-07-21T11:56:00","guid":{"rendered":"https:\/\/www.egemtv.com\/?p=43541"},"modified":"2025-07-21T14:56:05","modified_gmt":"2025-07-21T11:56:05","slug":"manisali-atlet-turkiye-sampiyonu-oldu","status":"publish","type":"post","link":"https:\/\/www.egemtv.com\/?p=43541","title":{"rendered":"Manisal\u0131 atlet T\u00fcrkiye \u015eampiyonu oldu"},"content":{"rendered":"<p>Manisal\u0131 atlet Belinay G\u00fcndo\u011fdu, Gen\u00e7lik ve Spor Bakanl\u0131\u011f\u0131 taraf\u0131ndan Konya\u2019da d\u00fczenlenen Anadolu Y\u0131ld\u0131zlar Ligi Atletizm T\u00fcrkiye Birincili\u011fi yar\u0131\u015flar\u0131nda T\u00fcrkiye \u015eampiyonu oldu.<br \/>\n<br \/>Gen\u00e7lik ve Spor Bakanl\u0131\u011f\u0131 taraf\u0131ndan Konya\u2019da d\u00fczenlenen Anadolu Y\u0131ld\u0131zlar Ligi Atletizm T\u00fcrkiye Birincili\u011fi yar\u0131\u015flar\u0131nda, Manisa\u2019y\u0131 ba\u015far\u0131yla temsil eden gen\u00e7 sporcu Belinay G\u00fcndo\u011fdu, 60 metre yar\u0131\u015f\u0131nda 8.02 saniyelik derecesiyle T\u00fcrkiye \u015eampiyonu oldu.<br \/>\n<br \/>T\u00fcm rakiplerini geride b\u0131rakarak k\u00fcrs\u00fcn\u00fcn zirvesine \u00e7\u0131kan Belinay, elde etti\u011fi bu b\u00fcy\u00fck ba\u015far\u0131yla Manisa\u2019n\u0131n gururu oldu.<br \/>\n<br \/>Manisa Gen\u00e7lik ve Spor \u0130l M\u00fcd\u00fcr\u00fc Yunus \u00d6zt\u00fcrk, gen\u00e7 sporcunun ba\u015far\u0131s\u0131ndan b\u00fcy\u00fck bir mutluluk duyduklar\u0131n\u0131 belirterek, \u015funlar\u0131 s\u00f6yledi: &#8220;Belinay G\u00fcndo\u011fdu, elde etti\u011fi bu birincilikle Manisa\u2019n\u0131n spor potansiyelini bir kez daha g\u00f6zler \u00f6n\u00fcne sermi\u015ftir. Sporcumuzu ve eme\u011fi ge\u00e7en antren\u00f6rlerimizi g\u00f6n\u00fclden tebrik ediyor, ba\u015far\u0131lar\u0131n\u0131n artarak devam etmesini diliyorum.&#8221;<br \/>\n<br \/>\u00d6zt\u00fcrk, ayr\u0131ca gelece\u011fin \u015fampiyon sporcular\u0131n\u0131 yeti\u015ftirme hedefi do\u011frultusunda altyap\u0131 \u00e7al\u0131\u015fmalar\u0131na ve gen\u00e7 yeteneklerin desteklenmesine devam edeceklerini vurgulad\u0131.<br \/><\/p>\n","protected":false},"excerpt":{"rendered":"<p>Manisal\u0131 atlet Belinay G\u00fcndo\u011fdu, Gen\u00e7lik ve Spor Bakanl\u0131\u011f\u0131 taraf\u0131ndan Konya\u2019da d\u00fczenlenen Anadolu Y\u0131ld\u0131zlar Ligi Atletizm T\u00fcrkiye Birincili\u011fi yar\u0131\u015flar\u0131nda T\u00fcrkiye \u015eampiyonu oldu. Gen\u00e7lik ve Spor Bakanl\u0131\u011f\u0131 taraf\u0131ndan Konya\u2019da d\u00fczenlenen Anadolu Y\u0131ld\u0131zlar Ligi Atletizm T\u00fcrkiye Birincili\u011fi yar\u0131\u015flar\u0131nda, Manisa\u2019y\u0131 ba\u015far\u0131yla temsil eden gen\u00e7 sporcu Belinay G\u00fcndo\u011fdu, 60 metre yar\u0131\u015f\u0131nda 8.02 saniyelik derecesiyle T\u00fcrkiye \u015eampiyonu oldu. T\u00fcm rakiplerini geride&#8230;<\/p>\n","protected":false},"author":1,"featured_media":43542,"comment_status":"open","ping_status":"open","sticky":false,"template":"","format":"standard","meta":{"_crdt_document":"","footnotes":""},"categories":[4],"tags":[],"class_list":["post-43541","post","type-post","status-publish","format-standard","has-post-thumbnail","hentry","category-spor"],"_links":{"self":[{"href":"https:\/\/www.egemtv.com\/index.php?rest_route=\/wp\/v2\/posts\/43541","targetHints":{"allow":["GET"]}}],"collection":[{"href":"https:\/\/www.egemtv.com\/index.php?rest_route=\/wp\/v2\/posts"}],"about":[{"href":"https:\/\/www.egemtv.com\/index.php?rest_route=\/wp\/v2\/types\/post"}],"author":[{"embeddable":true,"href":"https:\/\/www.egemtv.com\/index.php?rest_route=\/wp\/v2\/users\/1"}],"replies":[{"embeddable":true,"href":"https:\/\/www.egemtv.com\/index.php?rest_route=%2Fwp%2Fv2%2Fcomments&post=43541"}],"version-history":[{"count":1,"href":"https:\/\/www.egemtv.com\/index.php?rest_route=\/wp\/v2\/posts\/43541\/revisions"}],"predecessor-version":[{"id":43543,"href":"https:\/\/www.egemtv.com\/index.php?rest_route=\/wp\/v2\/posts\/43541\/revisions\/43543"}],"wp:featuredmedia":[{"embeddable":true,"href":"https:\/\/www.egemtv.com\/index.php?rest_route=\/wp\/v2\/media\/43542"}],"wp:attachment":[{"href":"https:\/\/www.egemtv.com\/index.php?rest_route=%2Fwp%2Fv2%2Fmedia&parent=43541"}],"wp:term":[{"taxonomy":"category","embeddable":true,"href":"https:\/\/www.egemtv.com\/index.php?rest_route=%2Fwp%2Fv2%2Fcategories&post=43541"},{"taxonomy":"post_tag","embeddable":true,"href":"https:\/\/www.egemtv.com\/index.php?rest_route=%2Fwp%2Fv2%2Ftags&post=43541"}],"curies":[{"name":"wp","href":"https:\/\/api.w.org\/{rel}","templated":true}]}}