{"id":43538,"date":"2025-07-21T14:55:57","date_gmt":"2025-07-21T11:55:57","guid":{"rendered":"https:\/\/www.egemtv.com\/?p=43538"},"modified":"2025-07-21T14:56:00","modified_gmt":"2025-07-21T11:56:00","slug":"seydikemerde-10-geleneksel-yayla-karaculha-yoruk-senligi-renkli-gecti","status":"publish","type":"post","link":"https:\/\/www.egemtv.com\/?p=43538","title":{"rendered":"Seydikemer\u2019de 10. Geleneksel Yayla Kara\u00e7ulha Y\u00f6r\u00fck \u015eenli\u011fi renkli ge\u00e7ti"},"content":{"rendered":"<p>Mu\u011fla\u2019n\u0131n Seydikemer il\u00e7esine ba\u011fl\u0131 Yayla Kara\u00e7ulha Mahallesi\u2019nde bu y\u0131l 10\u2019uncusu d\u00fczenlenen Geleneksel Yayla Kara\u00e7ulha Y\u00f6r\u00fck \u015eenli\u011fi, binlerce ki\u015finin kat\u0131l\u0131m\u0131yla ger\u00e7ekle\u015fti. Y\u00f6r\u00fck k\u00fclt\u00fcr\u00fcn\u00fcn ya\u015fat\u0131lmas\u0131 ve gelecek ku\u015faklara aktar\u0131lmas\u0131 amac\u0131yla Kara\u00e7ulha G\u00f6n\u00fcll\u00fcleri Derne\u011fi taraf\u0131ndan organize edilen etkinlikte, renkli g\u00f6r\u00fcnt\u00fcler olu\u015ftu.<\/p>\n<p>\u015eenlik, mahalle meydan\u0131ndan ba\u015flayan ve at, e\u015fek ve develerle yap\u0131lan temsili gelin alma y\u00fcr\u00fcy\u00fc\u015f\u00fcyle ba\u015flad\u0131. Y\u00f6r\u00fck k\u0131yafetleriyle korteje kat\u0131lan vatanda\u015flar, etkinli\u011fe renk katt\u0131. \u015eenlik alan\u0131na gelen misafirler Y\u00f6r\u00fck oyunlar\u0131, halat \u00e7ekme, \u00e7uval yar\u0131\u015f\u0131, yo\u011furt i\u00e7inde para bulma ve sandalye kapmaca gibi e\u011flenceli yar\u0131\u015fmalarla keyifli anlar ya\u015fad\u0131. \u015eenlikte geleneksel olarak d\u00fczenlenen a\u011fal\u0131k ihalesi ise b\u00fcy\u00fck ilgi g\u00f6rd\u00fc. Ge\u00e7en y\u0131l\u0131n a\u011fas\u0131 i\u015f insan\u0131 Bayram Kiremitli\u2019nin o\u011flu 6 ya\u015f\u0131ndaki Mustafa Kiremitli, bu y\u0131l da unvan\u0131n\u0131 korudu. Merhum Kara\u00e7ulha Belediye Ba\u015fkan\u0131 Mustafa Kiremitli\u2019nin torunu olan Mustafa Kiremitli, 500 bin TL ba\u011f\u0131\u015fla 2025 y\u0131l\u0131 \u015fenlik a\u011fas\u0131 se\u00e7ildi.<\/p>\n<p>Mu\u011fla B\u00fcy\u00fck\u015fehir Belediye Ba\u015fkan\u0131 Ahmet Aras, &#8220;Y\u00f6r\u00fck k\u00fclt\u00fcr\u00fc, bu topraklar\u0131n ruhudur. Yayla Kara\u00e7ulha gibi b\u00f6lgelerde bu k\u00fclt\u00fcr\u00fcn ya\u015fat\u0131l\u0131yor olmas\u0131 bizi gururland\u0131r\u0131yor. Mu\u011fla B\u00fcy\u00fck\u015fehir Belediyesi olarak bu t\u00fcr etkinliklere her zaman destek olmaya devam edece\u011fiz&#8221; dedi.<\/p>\n<p>Kara\u00e7ulha G\u00f6n\u00fcll\u00fcleri Derne\u011fi Ba\u015fkan\u0131 Halil Hanc\u0131, &#8220;Bu \u015fenli\u011fin amac\u0131, Y\u00f6r\u00fck k\u00fclt\u00fcr\u00fcn\u00fc ya\u015fatmak ve gelecek nesillere aktarmakt\u0131r. Kat\u0131lan herkese ve halk\u0131m\u0131za te\u015fekk\u00fcr ederiz. Bu y\u0131l da bir\u00e7ok yar\u0131\u015fma d\u00fczenledik ve dereceye girenlere \u00f6d\u00fcller verdik. Amac\u0131m\u0131z k\u00fclt\u00fcrel miras\u0131m\u0131za sahip \u00e7\u0131kmak&#8221; dedi.<br \/><\/p>\n","protected":false},"excerpt":{"rendered":"<p>Mu\u011fla\u2019n\u0131n Seydikemer il\u00e7esine ba\u011fl\u0131 Yayla Kara\u00e7ulha Mahallesi\u2019nde bu y\u0131l 10\u2019uncusu d\u00fczenlenen Geleneksel Yayla Kara\u00e7ulha Y\u00f6r\u00fck \u015eenli\u011fi, binlerce ki\u015finin kat\u0131l\u0131m\u0131yla ger\u00e7ekle\u015fti. Y\u00f6r\u00fck k\u00fclt\u00fcr\u00fcn\u00fcn ya\u015fat\u0131lmas\u0131 ve gelecek ku\u015faklara aktar\u0131lmas\u0131 amac\u0131yla Kara\u00e7ulha G\u00f6n\u00fcll\u00fcleri Derne\u011fi taraf\u0131ndan organize edilen etkinlikte, renkli g\u00f6r\u00fcnt\u00fcler olu\u015ftu. \u015eenlik, mahalle meydan\u0131ndan ba\u015flayan ve at, e\u015fek ve develerle yap\u0131lan temsili gelin alma y\u00fcr\u00fcy\u00fc\u015f\u00fcyle ba\u015flad\u0131. Y\u00f6r\u00fck k\u0131yafetleriyle&#8230;<\/p>\n","protected":false},"author":1,"featured_media":43539,"comment_status":"open","ping_status":"open","sticky":false,"template":"","format":"standard","meta":{"_crdt_document":"","footnotes":""},"categories":[1],"tags":[],"class_list":["post-43538","post","type-post","status-publish","format-standard","has-post-thumbnail","hentry","category-guncel"],"_links":{"self":[{"href":"https:\/\/www.egemtv.com\/index.php?rest_route=\/wp\/v2\/posts\/43538","targetHints":{"allow":["GET"]}}],"collection":[{"href":"https:\/\/www.egemtv.com\/index.php?rest_route=\/wp\/v2\/posts"}],"about":[{"href":"https:\/\/www.egemtv.com\/index.php?rest_route=\/wp\/v2\/types\/post"}],"author":[{"embeddable":true,"href":"https:\/\/www.egemtv.com\/index.php?rest_route=\/wp\/v2\/users\/1"}],"replies":[{"embeddable":true,"href":"https:\/\/www.egemtv.com\/index.php?rest_route=%2Fwp%2Fv2%2Fcomments&post=43538"}],"version-history":[{"count":1,"href":"https:\/\/www.egemtv.com\/index.php?rest_route=\/wp\/v2\/posts\/43538\/revisions"}],"predecessor-version":[{"id":43540,"href":"https:\/\/www.egemtv.com\/index.php?rest_route=\/wp\/v2\/posts\/43538\/revisions\/43540"}],"wp:featuredmedia":[{"embeddable":true,"href":"https:\/\/www.egemtv.com\/index.php?rest_route=\/wp\/v2\/media\/43539"}],"wp:attachment":[{"href":"https:\/\/www.egemtv.com\/index.php?rest_route=%2Fwp%2Fv2%2Fmedia&parent=43538"}],"wp:term":[{"taxonomy":"category","embeddable":true,"href":"https:\/\/www.egemtv.com\/index.php?rest_route=%2Fwp%2Fv2%2Fcategories&post=43538"},{"taxonomy":"post_tag","embeddable":true,"href":"https:\/\/www.egemtv.com\/index.php?rest_route=%2Fwp%2Fv2%2Ftags&post=43538"}],"curies":[{"name":"wp","href":"https:\/\/api.w.org\/{rel}","templated":true}]}}