{"id":43535,"date":"2025-07-21T14:55:55","date_gmt":"2025-07-21T11:55:55","guid":{"rendered":"https:\/\/www.egemtv.com\/?p=43535"},"modified":"2025-07-21T14:55:57","modified_gmt":"2025-07-21T11:55:57","slug":"trafik-kazasinda-hayatini-kaybeden-14-yasindaki-derin-son-yolculuguna-ugurlandi","status":"publish","type":"post","link":"https:\/\/www.egemtv.com\/?p=43535","title":{"rendered":"Trafik kazas\u0131nda hayat\u0131n\u0131 kaybeden 14 ya\u015f\u0131ndaki Derin, son yolculu\u011funa u\u011furland\u0131"},"content":{"rendered":"<p>Mu\u011fla\u2019n\u0131n Milas il\u00e7esinde meydana gelen trafik kazas\u0131nda hayat\u0131n\u0131 kaybeden Didim Belediyesi K\u00fclt\u00fcr ve Sosyal \u0130\u015fler M\u00fcd\u00fcr\u00fc Asl\u0131 K\u0131ray\u2019\u0131n k\u0131z\u0131 ve Eski Belediye meclis \u00fcyesi Mustafa K\u0131ray\u2019\u0131n torunu 14 ya\u015f\u0131ndaki Derin K\u0131ray Didim\u2019de son yolculu\u011funa u\u011furland\u0131.<\/p>\n<p>Kaza, Mu\u011fla\u2019n\u0131n Milas il\u00e7esi Selimiye Mahallesi\u2019nde meydana gelmi\u015fti. Didim Belediyesi K\u00fclt\u00fcr ve Sosyal \u0130\u015fler M\u00fcd\u00fcr\u00fc Asl\u0131 K\u0131ray y\u00f6netimindeki 09 D 9928 plakal\u0131 otomobil kazaya kar\u0131\u015f\u0131rken, K\u0131ray\u2019\u0131n 14 ya\u015f\u0131ndaki k\u0131z\u0131 Derin K\u0131ray olay yerinde hayat\u0131n\u0131 kaybetmi\u015fti. S\u00fcr\u00fcc\u00fc anne Asl\u0131 K\u0131ray ile karde\u015fi L.K ise kazay\u0131 hafif yaral\u0131 olarak atlatm\u0131\u015ft\u0131.<\/p>\n<p>Kazada hayat\u0131n\u0131 kaybeden Derin K\u0131ray i\u00e7in Didim merkez camiinde \u00f6\u011fle namaz\u0131na m\u00fcteakip cenaze namaz\u0131 k\u0131l\u0131nd\u0131. Cenazede anne Asl\u0131 K\u0131ray, baba \u0130brahim K\u0131ray g\u00fc\u00e7l\u00fckle ayakta durdu.<\/p>\n<p>Derin K\u0131ray\u2019\u0131n tabutunun \u00fczerine basketbol formas\u0131 ile \u00e7ok say\u0131da \u00e7i\u00e7ek konuldu. K\u0131ray k\u0131l\u0131nan cenaze namaz\u0131n\u0131n ard\u0131ndan Didim \u015eehir Mezarl\u0131\u011f\u0131\u2019na defnedildi.<\/p>\n<p>Cenazeye Didim Kaymakam\u0131 Can Kaz\u0131m Kuruca, Didim Belediye Ba\u015fkan\u0131 Hatice Gen\u00e7ay, Didim Garnizon Komutan\u0131 Erkut Arslan, Didim eski belediye ba\u015fkan\u0131 A. Deniz Atabay, Didim \u0130l\u00e7e M\u00fcft\u00fcs\u00fc Refik Ali Demirel, siyasi parti temsilcileri belediye belediye meclis \u00fcyeleri, aile yak\u0131nlar\u0131 ve vatanda\u015flar kat\u0131ld\u0131.<br \/><\/p>\n","protected":false},"excerpt":{"rendered":"<p>Mu\u011fla\u2019n\u0131n Milas il\u00e7esinde meydana gelen trafik kazas\u0131nda hayat\u0131n\u0131 kaybeden Didim Belediyesi K\u00fclt\u00fcr ve Sosyal \u0130\u015fler M\u00fcd\u00fcr\u00fc Asl\u0131 K\u0131ray\u2019\u0131n k\u0131z\u0131 ve Eski Belediye meclis \u00fcyesi Mustafa K\u0131ray\u2019\u0131n torunu 14 ya\u015f\u0131ndaki Derin K\u0131ray Didim\u2019de son yolculu\u011funa u\u011furland\u0131. Kaza, Mu\u011fla\u2019n\u0131n Milas il\u00e7esi Selimiye Mahallesi\u2019nde meydana gelmi\u015fti. Didim Belediyesi K\u00fclt\u00fcr ve Sosyal \u0130\u015fler M\u00fcd\u00fcr\u00fc Asl\u0131 K\u0131ray y\u00f6netimindeki 09 D&#8230;<\/p>\n","protected":false},"author":1,"featured_media":43536,"comment_status":"open","ping_status":"open","sticky":false,"template":"","format":"standard","meta":{"_crdt_document":"","footnotes":""},"categories":[1],"tags":[],"class_list":["post-43535","post","type-post","status-publish","format-standard","has-post-thumbnail","hentry","category-guncel"],"_links":{"self":[{"href":"https:\/\/www.egemtv.com\/index.php?rest_route=\/wp\/v2\/posts\/43535","targetHints":{"allow":["GET"]}}],"collection":[{"href":"https:\/\/www.egemtv.com\/index.php?rest_route=\/wp\/v2\/posts"}],"about":[{"href":"https:\/\/www.egemtv.com\/index.php?rest_route=\/wp\/v2\/types\/post"}],"author":[{"embeddable":true,"href":"https:\/\/www.egemtv.com\/index.php?rest_route=\/wp\/v2\/users\/1"}],"replies":[{"embeddable":true,"href":"https:\/\/www.egemtv.com\/index.php?rest_route=%2Fwp%2Fv2%2Fcomments&post=43535"}],"version-history":[{"count":1,"href":"https:\/\/www.egemtv.com\/index.php?rest_route=\/wp\/v2\/posts\/43535\/revisions"}],"predecessor-version":[{"id":43537,"href":"https:\/\/www.egemtv.com\/index.php?rest_route=\/wp\/v2\/posts\/43535\/revisions\/43537"}],"wp:featuredmedia":[{"embeddable":true,"href":"https:\/\/www.egemtv.com\/index.php?rest_route=\/wp\/v2\/media\/43536"}],"wp:attachment":[{"href":"https:\/\/www.egemtv.com\/index.php?rest_route=%2Fwp%2Fv2%2Fmedia&parent=43535"}],"wp:term":[{"taxonomy":"category","embeddable":true,"href":"https:\/\/www.egemtv.com\/index.php?rest_route=%2Fwp%2Fv2%2Fcategories&post=43535"},{"taxonomy":"post_tag","embeddable":true,"href":"https:\/\/www.egemtv.com\/index.php?rest_route=%2Fwp%2Fv2%2Ftags&post=43535"}],"curies":[{"name":"wp","href":"https:\/\/api.w.org\/{rel}","templated":true}]}}