{"id":43532,"date":"2025-07-21T14:55:52","date_gmt":"2025-07-21T11:55:52","guid":{"rendered":"https:\/\/www.egemtv.com\/?p=43532"},"modified":"2025-07-21T14:55:55","modified_gmt":"2025-07-21T11:55:55","slug":"muglada-yoruk-atesi-10-kez-yandi","status":"publish","type":"post","link":"https:\/\/www.egemtv.com\/?p=43532","title":{"rendered":"Mu\u011fla\u2019da Y\u00f6r\u00fck ate\u015fi 10. kez yand\u0131"},"content":{"rendered":"<p>Kara\u00e7ulha Yaylas\u0131\u2019nda bu y\u0131l 10\u2019uncusu d\u00fczenlenen Yayla Kara\u00e7ulha Y\u00f6r\u00fck \u015eenli\u011fi, Y\u00f6r\u00fck k\u00fclt\u00fcr\u00fcn\u00fc ya\u015fatmak ve gelecek ku\u015faklara aktarmak amac\u0131yla ger\u00e7ekle\u015ftirildi. Geleneksel oyunlardan halk danslar\u0131na, d\u00fc\u011f\u00fcn rit\u00fcellerinden Y\u00f6r\u00fck g\u00f6\u00e7\u00fcne kadar bir\u00e7ok k\u00fclt\u00fcrel \u00f6ge sergilendi.<br \/>\n<br \/>\u015eenli\u011fe, K\u0131y\u0131 Ege Belediyeler Birli\u011fi ve Mu\u011fla B\u00fcy\u00fck\u015fehir Belediye Ba\u015fkan\u0131 Ahmet Aras, Fethiye Belediye Ba\u015fkan\u0131 Alim Karaca ve Seydikemer Belediye Ba\u015fkan\u0131 Bayram \u00d6nder Akdenizli kat\u0131ld\u0131.<br \/>\n<br \/>Yayla Kara\u00e7ulha Y\u00f6r\u00fck Derne\u011fi taraf\u0131ndan organize edilen \u015fenlik, \u00e7evre il ve il\u00e7elerden gelen \u00e7ok say\u0131da kat\u0131l\u0131mc\u0131y\u0131 da bulu\u015fturdu. Alanda kurulan Y\u00f6r\u00fck \u00e7ad\u0131rlar\u0131, geleneksel k\u0131yafetlerle sergilenen rit\u00fceller ve ikramlar, ziyaret\u00e7ilere adeta ge\u00e7mi\u015fe yolculuk yapt\u0131rd\u0131.<br \/>\n<br \/>Ba\u015fkan Aras: &#8220;Her \u015feyimizle biz y\u00f6r\u00fck t\u00fcrkmen k\u00fclt\u00fcr\u00fcn\u00fc ya\u015fat\u0131yoruz&#8221;<br \/>\n<br \/>\u015eenli\u011fe kat\u0131lan Ba\u015fkan Aras, alanda vatanda\u015flarla bir araya geldi, kortej y\u00fcr\u00fcy\u00fc\u015f\u00fcne e\u015flik etti ve Y\u00f6r\u00fck ate\u015finin etraf\u0131nda halkla birlikte halay \u00e7ekti. Konu\u015fmas\u0131nda, Y\u00f6r\u00fck k\u00fclt\u00fcr\u00fcn\u00fcn Anadolu\u2019nun kadim miraslar\u0131ndan biri oldu\u011funu vurgulayan Ba\u015fkan Aras, \u015funlar\u0131 s\u00f6yledi: &#8220;Y\u00f6r\u00fck T\u00fcrkmen Toyunu \u015eenli\u011fini d\u00fczenleyen derne\u011fimize, belediyelerimize \u00e7ok te\u015fekk\u00fcr ederiz. T\u00fcrk topraklar\u0131n\u0131n her k\u00f6\u015fesinde binlerce y\u0131ll\u0131k Y\u00f6r\u00fck T\u00fcrkmen k\u00fclt\u00fcr\u00fc ya\u015fat\u0131lmaktad\u0131r. En b\u00fcy\u00fck T\u00fcrk, en b\u00fcy\u00fck Y\u00f6r\u00fck Mustafa Kemal Atat\u00fcrk\u2019t\u00fcr. Mu\u011fla\u2019m\u0131z\u0131n her k\u00f6\u015fesinde bug\u00fcn Seydikemer\u2019den Bodrum\u2019a kadar deve g\u00fcre\u015flerimizle, bo\u011fa g\u00fcre\u015flerimizle, pehlivan g\u00fcre\u015flerimizle Y\u00f6r\u00fck T\u00fcrkmen \u015eenliklerimizle, d\u00fc\u011f\u00fcnlerimizle, oyunlar\u0131m\u0131zla, yemeklerimizle, her \u015feyimizle biz Y\u00f6r\u00fck T\u00fcrkmen k\u00fclt\u00fcr\u00fcn\u00fc ya\u015fat\u0131yoruz&#8221;<br \/><\/p>\n","protected":false},"excerpt":{"rendered":"<p>Kara\u00e7ulha Yaylas\u0131\u2019nda bu y\u0131l 10\u2019uncusu d\u00fczenlenen Yayla Kara\u00e7ulha Y\u00f6r\u00fck \u015eenli\u011fi, Y\u00f6r\u00fck k\u00fclt\u00fcr\u00fcn\u00fc ya\u015fatmak ve gelecek ku\u015faklara aktarmak amac\u0131yla ger\u00e7ekle\u015ftirildi. Geleneksel oyunlardan halk danslar\u0131na, d\u00fc\u011f\u00fcn rit\u00fcellerinden Y\u00f6r\u00fck g\u00f6\u00e7\u00fcne kadar bir\u00e7ok k\u00fclt\u00fcrel \u00f6ge sergilendi. \u015eenli\u011fe, K\u0131y\u0131 Ege Belediyeler Birli\u011fi ve Mu\u011fla B\u00fcy\u00fck\u015fehir Belediye Ba\u015fkan\u0131 Ahmet Aras, Fethiye Belediye Ba\u015fkan\u0131 Alim Karaca ve Seydikemer Belediye Ba\u015fkan\u0131 Bayram \u00d6nder&#8230;<\/p>\n","protected":false},"author":1,"featured_media":43533,"comment_status":"open","ping_status":"open","sticky":false,"template":"","format":"standard","meta":{"_crdt_document":"","footnotes":""},"categories":[1],"tags":[],"class_list":["post-43532","post","type-post","status-publish","format-standard","has-post-thumbnail","hentry","category-guncel"],"_links":{"self":[{"href":"https:\/\/www.egemtv.com\/index.php?rest_route=\/wp\/v2\/posts\/43532","targetHints":{"allow":["GET"]}}],"collection":[{"href":"https:\/\/www.egemtv.com\/index.php?rest_route=\/wp\/v2\/posts"}],"about":[{"href":"https:\/\/www.egemtv.com\/index.php?rest_route=\/wp\/v2\/types\/post"}],"author":[{"embeddable":true,"href":"https:\/\/www.egemtv.com\/index.php?rest_route=\/wp\/v2\/users\/1"}],"replies":[{"embeddable":true,"href":"https:\/\/www.egemtv.com\/index.php?rest_route=%2Fwp%2Fv2%2Fcomments&post=43532"}],"version-history":[{"count":1,"href":"https:\/\/www.egemtv.com\/index.php?rest_route=\/wp\/v2\/posts\/43532\/revisions"}],"predecessor-version":[{"id":43534,"href":"https:\/\/www.egemtv.com\/index.php?rest_route=\/wp\/v2\/posts\/43532\/revisions\/43534"}],"wp:featuredmedia":[{"embeddable":true,"href":"https:\/\/www.egemtv.com\/index.php?rest_route=\/wp\/v2\/media\/43533"}],"wp:attachment":[{"href":"https:\/\/www.egemtv.com\/index.php?rest_route=%2Fwp%2Fv2%2Fmedia&parent=43532"}],"wp:term":[{"taxonomy":"category","embeddable":true,"href":"https:\/\/www.egemtv.com\/index.php?rest_route=%2Fwp%2Fv2%2Fcategories&post=43532"},{"taxonomy":"post_tag","embeddable":true,"href":"https:\/\/www.egemtv.com\/index.php?rest_route=%2Fwp%2Fv2%2Ftags&post=43532"}],"curies":[{"name":"wp","href":"https:\/\/api.w.org\/{rel}","templated":true}]}}