{"id":43529,"date":"2025-07-21T14:35:42","date_gmt":"2025-07-21T11:35:42","guid":{"rendered":"https:\/\/www.egemtv.com\/?p=43529"},"modified":"2025-07-21T14:35:44","modified_gmt":"2025-07-21T11:35:44","slug":"radikal-egitim-kurumlarindan-2025-lgs-ve-yksde-ustun-basari","status":"publish","type":"post","link":"https:\/\/www.egemtv.com\/?p=43529","title":{"rendered":"Radikal E\u011fitim Kurumlar\u0131\u2019ndan 2025 LGS ve YKS\u2019de \u00fcst\u00fcn ba\u015far\u0131"},"content":{"rendered":"<p>Radikal E\u011fitim Kurumlar\u0131, son 10 y\u0131lda LGS ve YKS\u2019de g\u00f6sterdi\u011fi istikrarl\u0131 ba\u015far\u0131larla T\u00fcrkiye genelinde ad\u0131ndan s\u0131k\u00e7a s\u00f6z ettiriyor. Her y\u0131l artan ba\u015far\u0131 grafi\u011fi ve s\u00fcrd\u00fcr\u00fclebilir e\u011fitim modeliyle, merkezi s\u0131navlarda fark ortaya koyan sonu\u00e7lara imza at\u0131yor.<br \/>\n<br \/>2025 Y\u00fcksek\u00f6\u011fretim Kurumlar\u0131 S\u0131nav\u0131 (YKS) sonu\u00e7lar\u0131na g\u00f6re, Radikal E\u011fitim Kurumlar\u0131 \u00f6\u011frencilerinden 3\u2019\u00fc ilk 10\u2019da, 41\u2019i ilk 100\u2019de, 252\u2019si ise ilk 1000\u2019de yer ald\u0131. Ayn\u0131 y\u0131l yap\u0131lan Liselere Ge\u00e7i\u015f Sistemi (LGS) s\u0131nav\u0131nda ise 6 \u00f6\u011frenci t\u00fcm sorular\u0131 do\u011fru yan\u0131tlayarak T\u00fcrkiye birincili\u011fini payla\u015ft\u0131. 32 \u00f6\u011frenci yaln\u0131zca 1 yanl\u0131\u015fla, 46 \u00f6\u011frenci 1 yanl\u0131\u015f ve 1 bo\u015fla, 78 \u00f6\u011frenci ise sadece 2 yanl\u0131\u015fla s\u0131nav\u0131 tamamlad\u0131. 2024 y\u0131l\u0131nda da benzer bir ba\u015far\u0131 tablosu ortaya \u00e7\u0131kt\u0131. YKS\u2019de 3 \u00f6\u011frenci ilk 10\u2019da, 35 \u00f6\u011frenci ilk 100\u2019de, 141 \u00f6\u011frenci ise ilk 1000\u2019de yer ald\u0131. 2024 LGS\u2019de ise 8 \u00f6\u011frenci tam puan alarak t\u00fcm sorular\u0131 do\u011fru yan\u0131tlad\u0131; 25 \u00f6\u011frenci 1 yanl\u0131\u015f, 36 \u00f6\u011frenci 1 yanl\u0131\u015f 1 bo\u015f ve 62 \u00f6\u011frenci 2 yanl\u0131\u015fla s\u0131nav\u0131 tamamlad\u0131.<br \/>\n<br \/>2002 y\u0131l\u0131nda e\u011fitimci bir kadro taraf\u0131ndan kurulan Radikal E\u011fitim Kurumlar\u0131, bug\u00fcn T\u00fcrkiye genelinde 53 kurs merkezi ve 9 okulla hizmet veriyor ve toplamda 1000\u2019in \u00fcst\u00fcnde ki\u015fiye istihdam sa\u011fl\u0131yor. Kurum, \u00f6\u011frencilerin sadece s\u0131nav ba\u015far\u0131s\u0131n\u0131 de\u011fil, ayn\u0131 zamanda ele\u015ftirel d\u00fc\u015f\u00fcnme becerilerini geli\u015ftirmeyi, \u00f6\u011frenme s\u00fcre\u00e7lerini etkin \u015fekilde y\u00f6netmelerini sa\u011flamay\u0131 ve sosyal sorumluluk bilinci kazanmalar\u0131n\u0131 ama\u00e7layan kapsaml\u0131 bir e\u011fitim anlay\u0131\u015f\u0131 benimsiyor. Radikal E\u011fitim Kurumlar\u0131, T\u00fcrkiye\u2019nin farkl\u0131 b\u00f6lgelerinde, e\u011fitimde kalite ve s\u00fcreklilik prensipleri do\u011frultusunda, her kademede nitelikli bireyler yeti\u015ftirmeye devam ediyor.<br \/><\/p>\n","protected":false},"excerpt":{"rendered":"<p>Radikal E\u011fitim Kurumlar\u0131, son 10 y\u0131lda LGS ve YKS\u2019de g\u00f6sterdi\u011fi istikrarl\u0131 ba\u015far\u0131larla T\u00fcrkiye genelinde ad\u0131ndan s\u0131k\u00e7a s\u00f6z ettiriyor. Her y\u0131l artan ba\u015far\u0131 grafi\u011fi ve s\u00fcrd\u00fcr\u00fclebilir e\u011fitim modeliyle, merkezi s\u0131navlarda fark ortaya koyan sonu\u00e7lara imza at\u0131yor. 2025 Y\u00fcksek\u00f6\u011fretim Kurumlar\u0131 S\u0131nav\u0131 (YKS) sonu\u00e7lar\u0131na g\u00f6re, Radikal E\u011fitim Kurumlar\u0131 \u00f6\u011frencilerinden 3\u2019\u00fc ilk 10\u2019da, 41\u2019i ilk 100\u2019de, 252\u2019si ise ilk&#8230;<\/p>\n","protected":false},"author":1,"featured_media":43530,"comment_status":"open","ping_status":"open","sticky":false,"template":"","format":"standard","meta":{"_crdt_document":"","footnotes":""},"categories":[1],"tags":[],"class_list":["post-43529","post","type-post","status-publish","format-standard","has-post-thumbnail","hentry","category-guncel"],"_links":{"self":[{"href":"https:\/\/www.egemtv.com\/index.php?rest_route=\/wp\/v2\/posts\/43529","targetHints":{"allow":["GET"]}}],"collection":[{"href":"https:\/\/www.egemtv.com\/index.php?rest_route=\/wp\/v2\/posts"}],"about":[{"href":"https:\/\/www.egemtv.com\/index.php?rest_route=\/wp\/v2\/types\/post"}],"author":[{"embeddable":true,"href":"https:\/\/www.egemtv.com\/index.php?rest_route=\/wp\/v2\/users\/1"}],"replies":[{"embeddable":true,"href":"https:\/\/www.egemtv.com\/index.php?rest_route=%2Fwp%2Fv2%2Fcomments&post=43529"}],"version-history":[{"count":1,"href":"https:\/\/www.egemtv.com\/index.php?rest_route=\/wp\/v2\/posts\/43529\/revisions"}],"predecessor-version":[{"id":43531,"href":"https:\/\/www.egemtv.com\/index.php?rest_route=\/wp\/v2\/posts\/43529\/revisions\/43531"}],"wp:featuredmedia":[{"embeddable":true,"href":"https:\/\/www.egemtv.com\/index.php?rest_route=\/wp\/v2\/media\/43530"}],"wp:attachment":[{"href":"https:\/\/www.egemtv.com\/index.php?rest_route=%2Fwp%2Fv2%2Fmedia&parent=43529"}],"wp:term":[{"taxonomy":"category","embeddable":true,"href":"https:\/\/www.egemtv.com\/index.php?rest_route=%2Fwp%2Fv2%2Fcategories&post=43529"},{"taxonomy":"post_tag","embeddable":true,"href":"https:\/\/www.egemtv.com\/index.php?rest_route=%2Fwp%2Fv2%2Ftags&post=43529"}],"curies":[{"name":"wp","href":"https:\/\/api.w.org\/{rel}","templated":true}]}}