{"id":43526,"date":"2025-07-21T14:35:37","date_gmt":"2025-07-21T11:35:37","guid":{"rendered":"https:\/\/www.egemtv.com\/?p=43526"},"modified":"2025-07-21T14:35:42","modified_gmt":"2025-07-21T11:35:42","slug":"yunusemre-belediyesi-kuluplerarasi-taekwondo-turnuvasinda-kupa-ve-madalyalar-sahiplerini-buldu","status":"publish","type":"post","link":"https:\/\/www.egemtv.com\/?p=43526","title":{"rendered":"Yunusemre Belediyesi Kul\u00fcpleraras\u0131 Taekwondo Turnuvas\u0131nda kupa ve madalyalar sahiplerini buldu"},"content":{"rendered":"<p>Yunusemre Belediyesi taraf\u0131ndan merhum Manisa B\u00fcy\u00fck\u015fehir Belediye Ba\u015fkan\u0131 Ferdi Zeyrek an\u0131s\u0131na Yuntda\u011f\u0131 Ortak\u00f6y\u2019de organize edilen Kul\u00fcpleraras\u0131 Taekwondo Turnuvas\u0131 sona erdi.<br \/>\n<br \/>Yunusemre Belediyesi taraf\u0131ndan, elim bir kaza sonucu hayat\u0131n\u0131 kaybeden merhum Manisa B\u00fcy\u00fck\u015fehir Belediye Ba\u015fkan\u0131 Ferdi Zeyrek an\u0131s\u0131na d\u00fczenlenen Kul\u00fcpleraras\u0131 Minikler Taekwondo Turnuvas\u0131, 14 ilden yakla\u015f\u0131k 500 sporcunun kat\u0131l\u0131m\u0131yla Yuntda\u011f\u0131 Ortak\u00f6y\u2019de ger\u00e7ekle\u015ftirildi. B\u00fcy\u00fck heyecan ve \u00e7eki\u015fmeye sahne olan m\u00fcsabakalarda kupa ve madalyalar sahiplerini buldu. Turnuva sonunda k\u0131zlarda Antalya Berkcan S\u00fcng\u00fc Spor Kul\u00fcb\u00fc birinci olurken, D\u00fczce Mert Asya Spor Kul\u00fcb\u00fc ikinci, Manisa Yunusemre Belediyespor \u00fc\u00e7\u00fcnc\u00fc oldu. Erkeklerde ise Ankara Burak T\u00fcrko\u011flu Spor Kul\u00fcb\u00fc birinci, \u0130zmir Geli\u015fim Spor Kul\u00fcb\u00fc ikinci, Antalya Berkcan S\u00fcng\u00fc Spor Kul\u00fcb\u00fc \u00fc\u00e7\u00fcnc\u00fc oldu. Genel klasmanda Antalya Berkcan S\u00fcng\u00fc Spor Kul\u00fcb\u00fc birinci, Ankara Burak T\u00fcrko\u011flu Spor Kul\u00fcb\u00fc ikinci, \u0130zmir Alia\u011fa Gen\u00e7lik Merkezi \u00fc\u00e7\u00fcnc\u00fc oldu. M\u00fcsabakalarda dereceye giren sporculara ve kul\u00fcplere \u00f6d\u00fclleri protokol \u00fcyeleri taraf\u0131ndan takdim edildi.<br \/><\/p>\n","protected":false},"excerpt":{"rendered":"<p>Yunusemre Belediyesi taraf\u0131ndan merhum Manisa B\u00fcy\u00fck\u015fehir Belediye Ba\u015fkan\u0131 Ferdi Zeyrek an\u0131s\u0131na Yuntda\u011f\u0131 Ortak\u00f6y\u2019de organize edilen Kul\u00fcpleraras\u0131 Taekwondo Turnuvas\u0131 sona erdi. Yunusemre Belediyesi taraf\u0131ndan, elim bir kaza sonucu hayat\u0131n\u0131 kaybeden merhum Manisa B\u00fcy\u00fck\u015fehir Belediye Ba\u015fkan\u0131 Ferdi Zeyrek an\u0131s\u0131na d\u00fczenlenen Kul\u00fcpleraras\u0131 Minikler Taekwondo Turnuvas\u0131, 14 ilden yakla\u015f\u0131k 500 sporcunun kat\u0131l\u0131m\u0131yla Yuntda\u011f\u0131 Ortak\u00f6y\u2019de ger\u00e7ekle\u015ftirildi. B\u00fcy\u00fck heyecan ve \u00e7eki\u015fmeye&#8230;<\/p>\n","protected":false},"author":1,"featured_media":43527,"comment_status":"open","ping_status":"open","sticky":false,"template":"","format":"standard","meta":{"_crdt_document":"","footnotes":""},"categories":[4],"tags":[],"class_list":["post-43526","post","type-post","status-publish","format-standard","has-post-thumbnail","hentry","category-spor"],"_links":{"self":[{"href":"https:\/\/www.egemtv.com\/index.php?rest_route=\/wp\/v2\/posts\/43526","targetHints":{"allow":["GET"]}}],"collection":[{"href":"https:\/\/www.egemtv.com\/index.php?rest_route=\/wp\/v2\/posts"}],"about":[{"href":"https:\/\/www.egemtv.com\/index.php?rest_route=\/wp\/v2\/types\/post"}],"author":[{"embeddable":true,"href":"https:\/\/www.egemtv.com\/index.php?rest_route=\/wp\/v2\/users\/1"}],"replies":[{"embeddable":true,"href":"https:\/\/www.egemtv.com\/index.php?rest_route=%2Fwp%2Fv2%2Fcomments&post=43526"}],"version-history":[{"count":1,"href":"https:\/\/www.egemtv.com\/index.php?rest_route=\/wp\/v2\/posts\/43526\/revisions"}],"predecessor-version":[{"id":43528,"href":"https:\/\/www.egemtv.com\/index.php?rest_route=\/wp\/v2\/posts\/43526\/revisions\/43528"}],"wp:featuredmedia":[{"embeddable":true,"href":"https:\/\/www.egemtv.com\/index.php?rest_route=\/wp\/v2\/media\/43527"}],"wp:attachment":[{"href":"https:\/\/www.egemtv.com\/index.php?rest_route=%2Fwp%2Fv2%2Fmedia&parent=43526"}],"wp:term":[{"taxonomy":"category","embeddable":true,"href":"https:\/\/www.egemtv.com\/index.php?rest_route=%2Fwp%2Fv2%2Fcategories&post=43526"},{"taxonomy":"post_tag","embeddable":true,"href":"https:\/\/www.egemtv.com\/index.php?rest_route=%2Fwp%2Fv2%2Ftags&post=43526"}],"curies":[{"name":"wp","href":"https:\/\/api.w.org\/{rel}","templated":true}]}}