{"id":43523,"date":"2025-07-21T14:16:10","date_gmt":"2025-07-21T11:16:10","guid":{"rendered":"https:\/\/www.egemtv.com\/?p=43523"},"modified":"2025-07-21T14:16:13","modified_gmt":"2025-07-21T11:16:13","slug":"mugla-buyuksehir-itfaiye-erlerine-hayat-kurtaran-egitim","status":"publish","type":"post","link":"https:\/\/www.egemtv.com\/?p=43523","title":{"rendered":"Mu\u011fla B\u00fcy\u00fck\u015fehir itfaiye erlerine hayat kurtaran e\u011fitim"},"content":{"rendered":"<p>Mu\u011fla B\u00fcy\u00fck\u015fehir Belediyesi, \u0130tfaiye Daire Ba\u015fkanl\u0131\u011f\u0131 b\u00fcnyesinde g\u00f6rev yapan personelin temel ilk yard\u0131m becerileri kazanmas\u0131 i\u00e7in e\u011fitimlerini s\u00fcrd\u00fcr\u00fcyor. \u0130tfaiye erleri, ald\u0131klar\u0131 e\u011fitimle hem kendi sa\u011fl\u0131klar\u0131n\u0131 koruyor hem de m\u00fcdahale ettikleri olaylarda vatanda\u015flara bilin\u00e7li ve etkili bir \u015fekilde yard\u0131mc\u0131 olabiliyor.<br \/>\n<br \/>473 itfaiye eri temel ilk yard\u0131m e\u011fitimi ald\u0131<br \/>\n<br \/>Mu\u011fla B\u00fcy\u00fck\u015fehir Belediyesi \u0130tfaiyesinde g\u00f6revli 473 personel, ilk yard\u0131m e\u011fitim merkezinde verilen temel ilk yard\u0131m e\u011fitimlerini ba\u015far\u0131yla tamamlad\u0131. E\u011fitimlerde bilin\u00e7 kontrol\u00fc, solunum ve dola\u015f\u0131m de\u011ferlendirmesi, kalp masaj\u0131 ve suni solunum uygulamalar\u0131, kanamalar\u0131n durdurulmas\u0131, hasta ve yaral\u0131lar\u0131n g\u00fcvenli ta\u015f\u0131nmas\u0131, ilk yard\u0131m \u00e7antas\u0131nda yer alan malzemelerin do\u011fru kullan\u0131m\u0131 gibi hayati konular ele al\u0131nd\u0131.<br \/>\n<br \/>Acil durumlara ilk ula\u015fan ekiplerden olan itfaiye personeli; trafik kazalar\u0131, mahsur kalma olaylar\u0131, yang\u0131n, sel ve deprem gibi afetlerde ald\u0131\u011f\u0131 bu e\u011fitimler sayesinde vatanda\u015flara daha h\u0131zl\u0131 ve etkili \u015fekilde m\u00fcdahale edebiliyor.<br \/>\n<br \/>3 bin 452 ki\u015fiye ilk yard\u0131m e\u011fitimi verildi<br \/>\n<br \/>Mu\u011fla B\u00fcy\u00fck\u015fehir Belediyesi sadece kendi personeline de\u011fil, di\u011fer kurum ve kurulu\u015flar\u0131n \u00e7al\u0131\u015fanlar\u0131na da temel ilk yard\u0131m e\u011fitimi sunuyor. B\u00fcy\u00fck\u015fehir Belediyesi Sa\u011fl\u0131k Hizmetleri \u015eube M\u00fcd\u00fcrl\u00fc\u011f\u00fc b\u00fcnyesinde faaliyet g\u00f6steren ilk yard\u0131m e\u011fitim merkezinde bug\u00fcne kadar toplam 3.452 ki\u015fiye e\u011fitim verildi.<br \/>\n<br \/>Sa\u011fl\u0131k Hizmetleri \u015eube M\u00fcd\u00fcr\u00fc Bar\u0131\u015f Ak\u0131nc\u0131 konuyla ilgili yapt\u0131\u011f\u0131 a\u00e7\u0131klamada, &#8220;\u0130lk yard\u0131m e\u011fitim merkezimizde yaln\u0131zca belediye personeline de\u011fil, farkl\u0131 kurum ve kurulu\u015flara da e\u011fitim veriyoruz. Bug\u00fcne kadar 3.452 ki\u015fiye ula\u015ft\u0131k. Bu e\u011fitimlerle hem \u00e7al\u0131\u015fan g\u00fcvenli\u011fini hem de olay yerinde do\u011fru m\u00fcdahaleyi sa\u011flamay\u0131 hedefliyoruz.&#8221; dedi.<br \/>\n<br \/>Ba\u015fkan Aras: &#8220;\u0130tfaiye erlerimizin ilk yard\u0131m bilgisi hayat kurtar\u0131yor&#8221;<br \/>\n<br \/>K\u0131y\u0131 Ege Belediyeler Birli\u011fi ve Mu\u011fla B\u00fcy\u00fck\u015fehir Belediye Ba\u015fkan\u0131 Ahmet Aras, itfaiye personelinin ald\u0131\u011f\u0131 ilk yard\u0131m e\u011fitiminin \u00f6nemine dikkat \u00e7ekerek \u015f\u00f6yle konu\u015ftu: &#8220;\u0130tfaiye te\u015fkilat\u0131m\u0131z sadece yang\u0131n, kaza ya da afetlere m\u00fcdahale etmekle kalm\u0131yor; olay yerine ilk ula\u015fan ekipler olarak ilk m\u00fcdahaleyi de ger\u00e7ekle\u015ftiriyor. Bu noktada e\u011fitimli personelin varl\u0131\u011f\u0131 hayati \u00f6nem ta\u015f\u0131yor. Temel ilk yard\u0131m bilgisine sahip itfaiye erlerimiz, hem kendi g\u00fcvenliklerini sa\u011fl\u0131yor hem de vatanda\u015flar\u0131m\u0131za do\u011fru, h\u0131zl\u0131 ve bilin\u00e7li \u015fekilde yard\u0131m edebiliyor. Mu\u011fla halk\u0131n\u0131n can g\u00fcvenli\u011fi i\u00e7in her alanda e\u011fitimli ve donan\u0131ml\u0131 ekiplerle \u00e7al\u0131\u015fmaya devam edece\u011fiz&#8221;<br \/><\/p>\n","protected":false},"excerpt":{"rendered":"<p>Mu\u011fla B\u00fcy\u00fck\u015fehir Belediyesi, \u0130tfaiye Daire Ba\u015fkanl\u0131\u011f\u0131 b\u00fcnyesinde g\u00f6rev yapan personelin temel ilk yard\u0131m becerileri kazanmas\u0131 i\u00e7in e\u011fitimlerini s\u00fcrd\u00fcr\u00fcyor. \u0130tfaiye erleri, ald\u0131klar\u0131 e\u011fitimle hem kendi sa\u011fl\u0131klar\u0131n\u0131 koruyor hem de m\u00fcdahale ettikleri olaylarda vatanda\u015flara bilin\u00e7li ve etkili bir \u015fekilde yard\u0131mc\u0131 olabiliyor. 473 itfaiye eri temel ilk yard\u0131m e\u011fitimi ald\u0131 Mu\u011fla B\u00fcy\u00fck\u015fehir Belediyesi \u0130tfaiyesinde g\u00f6revli 473 personel, ilk&#8230;<\/p>\n","protected":false},"author":1,"featured_media":43524,"comment_status":"open","ping_status":"open","sticky":false,"template":"","format":"standard","meta":{"_crdt_document":"","footnotes":""},"categories":[1],"tags":[],"class_list":["post-43523","post","type-post","status-publish","format-standard","has-post-thumbnail","hentry","category-guncel"],"_links":{"self":[{"href":"https:\/\/www.egemtv.com\/index.php?rest_route=\/wp\/v2\/posts\/43523","targetHints":{"allow":["GET"]}}],"collection":[{"href":"https:\/\/www.egemtv.com\/index.php?rest_route=\/wp\/v2\/posts"}],"about":[{"href":"https:\/\/www.egemtv.com\/index.php?rest_route=\/wp\/v2\/types\/post"}],"author":[{"embeddable":true,"href":"https:\/\/www.egemtv.com\/index.php?rest_route=\/wp\/v2\/users\/1"}],"replies":[{"embeddable":true,"href":"https:\/\/www.egemtv.com\/index.php?rest_route=%2Fwp%2Fv2%2Fcomments&post=43523"}],"version-history":[{"count":1,"href":"https:\/\/www.egemtv.com\/index.php?rest_route=\/wp\/v2\/posts\/43523\/revisions"}],"predecessor-version":[{"id":43525,"href":"https:\/\/www.egemtv.com\/index.php?rest_route=\/wp\/v2\/posts\/43523\/revisions\/43525"}],"wp:featuredmedia":[{"embeddable":true,"href":"https:\/\/www.egemtv.com\/index.php?rest_route=\/wp\/v2\/media\/43524"}],"wp:attachment":[{"href":"https:\/\/www.egemtv.com\/index.php?rest_route=%2Fwp%2Fv2%2Fmedia&parent=43523"}],"wp:term":[{"taxonomy":"category","embeddable":true,"href":"https:\/\/www.egemtv.com\/index.php?rest_route=%2Fwp%2Fv2%2Fcategories&post=43523"},{"taxonomy":"post_tag","embeddable":true,"href":"https:\/\/www.egemtv.com\/index.php?rest_route=%2Fwp%2Fv2%2Ftags&post=43523"}],"curies":[{"name":"wp","href":"https:\/\/api.w.org\/{rel}","templated":true}]}}